{"id":65383,"date":"2025-09-10T07:43:14","date_gmt":"2025-09-10T07:43:14","guid":{"rendered":"https:\/\/www.europesays.com\/pt\/65383\/"},"modified":"2025-09-10T07:43:14","modified_gmt":"2025-09-10T07:43:14","slug":"sbt-tv-luisa-sonza-surge-com-novo-visual-nas-redes-sociais-veja-o-resultado","status":"publish","type":"post","link":"https:\/\/www.europesays.com\/pt\/65383\/","title":{"rendered":"SBT TV | Lu\u00edsa Sonza surge com novo visual nas redes sociais; veja o resultado"},"content":{"rendered":"<p>Nesta ter\u00e7a-feira (09),<strong> Lu\u00edsa Sonza<\/strong> surpreendeu os f\u00e3s ao revelar um visual completamente novo. A cantora deixou de lado os fios claros e apareceu com os cabelos mais escuros, cortados em camadas, com bastante volume e uma franjinha.<\/p>\n<p>A mudan\u00e7a chega faltando poucos dias para um dos shows mais aguardados de sua carreira. Na pr\u00f3xima sexta-feira (12), Lu\u00edsa sobe ao palco The One, no festival The Town, durante o segundo fim de semana do evento.<\/p>\n<p><strong><a href=\"https:\/\/www.sbt.com.br\/jornalismo\/fofocalizando\/noticia\/284621-ana-maria-braga-compartilha-momento-romantico-com-o-marido\" title=\"Ana Maria Braga compartilha momento rom\u00e2ntico com o marido\" class=\"link_sbttv\" rel=\"nofollow noopener\" target=\"_blank\">+ Ana Maria Braga compartilha momento rom\u00e2ntico com o marido<\/a><\/strong><\/p>\n<p class=\"related-link\"><strong><a href=\"https:\/\/www.sbt.com.br\/jornalismo\/fofocalizando\/noticia\/284620-joao-gomes-se-pronuncia-apos-cancelar-show-para-ver-nascimento-do-filho\" title=\"Jo\u00e3o Gomes se pronuncia ap\u00f3s cancelar show para ver nascimento do filho\" class=\"link_sbttv\" rel=\"nofollow noopener\" target=\"_blank\">+ Jo\u00e3o Gomes se pronuncia ap\u00f3s cancelar show para ver nascimento do filho<\/a><\/strong><\/p>\n<p class=\"related-link\"><strong><a href=\"https:\/\/www.sbt.com.br\/jornalismo\/fofocalizando\/noticia\/284622-virginia-investe-em-novo-negocio-e-celebra-idealizei-por-meses\" title=\"Virginia investe em novo neg\u00f3cio e celebra: &#039;Idealizei por meses&#039;\" class=\"link_sbttv\" rel=\"nofollow noopener\" target=\"_blank\">+ Virginia investe em novo neg\u00f3cio e celebra: &#8220;Idealizei por meses&#8221;<\/a><\/strong><\/p>\n<p>Realizado no Aut\u00f3dromo de Interlagos, em S\u00e3o Paulo (SP), o festival acontece entre 6 e 14 de setembro e re\u00fane grandes nomes da m\u00fasica nacional e internacional, consolidando-se como um dos maiores encontros musicais do ano.<\/p>\n<blockquote class=\"twitter-tweet\" data-media-max-width=\"560\">\n<p dir=\"ltr\" lang=\"zxx\"><a href=\"https:\/\/t.co\/dAWXxXbpK4\" class=\"link_sbttv\" rel=\"nofollow\">pic.twitter.com\/dAWXxXbpK4<\/a><\/p>\n<p>? Lu\u00edsa Sonza (@luisasonza) <a href=\"https:\/\/twitter.com\/luisasonza\/status\/1965392296519889329?ref_src=twsrc%5Etfw\" class=\"link_sbttv\" rel=\"nofollow noopener\" target=\"_blank\">September 9, 2025<\/a><\/p><\/blockquote>\n<p><script async src=\"https:\/\/platform.twitter.com\/widgets.js\" charset=\"utf-8\"><\/script><\/p>\n","protected":false},"excerpt":{"rendered":"Nesta ter\u00e7a-feira (09), Lu\u00edsa Sonza surpreendeu os f\u00e3s ao revelar um visual completamente novo. A cantora deixou de&hellip;\n","protected":false},"author":2,"featured_media":65384,"comment_status":"","ping_status":"","sticky":false,"template":"","format":"standard","meta":{"footnotes":""},"categories":[145],"tags":[211,210,114,115,972,18002,9812,32,33,936,18003,6659],"class_list":{"0":"post-65383","1":"post","2":"type-post","3":"status-publish","4":"format-standard","5":"has-post-thumbnail","7":"category-celebridades","8":"tag-celebridades","9":"tag-celebrities","10":"tag-entertainment","11":"tag-entretenimento","12":"tag-fofocalizando","13":"tag-luisa","14":"tag-novo","15":"tag-portugal","16":"tag-pt","17":"tag-sbt","18":"tag-sonza","19":"tag-visual"},"share_on_mastodon":{"url":"","error":""},"_links":{"self":[{"href":"https:\/\/www.europesays.com\/pt\/wp-json\/wp\/v2\/posts\/65383","targetHints":{"allow":["GET"]}}],"collection":[{"href":"https:\/\/www.europesays.com\/pt\/wp-json\/wp\/v2\/posts"}],"about":[{"href":"https:\/\/www.europesays.com\/pt\/wp-json\/wp\/v2\/types\/post"}],"author":[{"embeddable":true,"href":"https:\/\/www.europesays.com\/pt\/wp-json\/wp\/v2\/users\/2"}],"replies":[{"embeddable":true,"href":"https:\/\/www.europesays.com\/pt\/wp-json\/wp\/v2\/comments?post=65383"}],"version-history":[{"count":0,"href":"https:\/\/www.europesays.com\/pt\/wp-json\/wp\/v2\/posts\/65383\/revisions"}],"wp:featuredmedia":[{"embeddable":true,"href":"https:\/\/www.europesays.com\/pt\/wp-json\/wp\/v2\/media\/65384"}],"wp:attachment":[{"href":"https:\/\/www.europesays.com\/pt\/wp-json\/wp\/v2\/media?parent=65383"}],"wp:term":[{"taxonomy":"category","embeddable":true,"href":"https:\/\/www.europesays.com\/pt\/wp-json\/wp\/v2\/categories?post=65383"},{"taxonomy":"post_tag","embeddable":true,"href":"https:\/\/www.europesays.com\/pt\/wp-json\/wp\/v2\/tags?post=65383"}],"curies":[{"name":"wp","href":"https:\/\/api.w.org\/{rel}","templated":true}]}}