{"id":65395,"date":"2025-09-10T07:57:09","date_gmt":"2025-09-10T07:57:09","guid":{"rendered":"https:\/\/www.europesays.com\/pt\/65395\/"},"modified":"2025-09-10T07:57:09","modified_gmt":"2025-09-10T07:57:09","slug":"trump-comemora-cancelamento-de-homenagem-a-tom-hanks","status":"publish","type":"post","link":"https:\/\/www.europesays.com\/pt\/65395\/","title":{"rendered":"Trump comemora cancelamento de homenagem a Tom Hanks"},"content":{"rendered":"<p class=\"bullet mt-0\" data-v-232111b4=\"\">Nossa grande West Point (cada vez melhor!) cancelou inteligentemente a cerim\u00f4nia de premia\u00e7\u00e3o do ator Tom Hanks. Uma decis\u00e3o importante! <strong>Donald Trump em sua plataforma, Truth Social.<\/strong><\/p>\n<p class=\"bullet\" data-v-232111b4=\"\"><strong>O presidente americano disse mais: <\/strong>&#8220;N\u00e3o precisamos que destinat\u00e1rios destrutivos, WOKE, recebam nossos valiosos Pr\u00eamios Americanos!!!&#8221;, escreveu o presidente, em uma aparente alus\u00e3o \u00e0s inclina\u00e7\u00f5es pol\u00edticas democratas de Hanks.<\/p>\n<p class=\"bullet\" data-v-232111b4=\"\"><strong>Segundo o jornal The Washington Post, o email dos ex-alunos da academia anunciando a mudan\u00e7a enviado n\u00e3o deixou claro se Hanks ainda receber\u00e1 o pr\u00eamio.<\/strong><\/p>\n<p class=\"bullet\" data-v-232111b4=\"\">Grande parte da carreira de cinco d\u00e9cadas de Hanks reflete seu apoio aos veteranos, \u00e0s for\u00e7as armadas e ao programa espacial americano. <strong>WPAOG ao anunciar Hanks como o contemplado em 2025.<\/strong><\/p>\n<p class=\"bullet\" data-v-232111b4=\"\">*Com informa\u00e7\u00f5es da <a href=\"https:\/\/noticias.uol.com.br\/ultimas-noticias\/afp\/2025\/09\/08\/trump-comemora-cancelamento-de-cerimonia-de-premiacao-de-tom-hanks.htm\" rel=\"nofollow noopener\" target=\"_blank\">AFP<\/a>.<\/p>\n","protected":false},"excerpt":{"rendered":"Nossa grande West Point (cada vez melhor!) cancelou inteligentemente a cerim\u00f4nia de premia\u00e7\u00e3o do ator Tom Hanks. Uma&hellip;\n","protected":false},"author":2,"featured_media":65396,"comment_status":"","ping_status":"","sticky":false,"template":"","format":"standard","meta":{"footnotes":""},"categories":[145],"tags":[211,210,114,115,32,33],"class_list":{"0":"post-65395","1":"post","2":"type-post","3":"status-publish","4":"format-standard","5":"has-post-thumbnail","7":"category-celebridades","8":"tag-celebridades","9":"tag-celebrities","10":"tag-entertainment","11":"tag-entretenimento","12":"tag-portugal","13":"tag-pt"},"share_on_mastodon":{"url":"","error":""},"_links":{"self":[{"href":"https:\/\/www.europesays.com\/pt\/wp-json\/wp\/v2\/posts\/65395","targetHints":{"allow":["GET"]}}],"collection":[{"href":"https:\/\/www.europesays.com\/pt\/wp-json\/wp\/v2\/posts"}],"about":[{"href":"https:\/\/www.europesays.com\/pt\/wp-json\/wp\/v2\/types\/post"}],"author":[{"embeddable":true,"href":"https:\/\/www.europesays.com\/pt\/wp-json\/wp\/v2\/users\/2"}],"replies":[{"embeddable":true,"href":"https:\/\/www.europesays.com\/pt\/wp-json\/wp\/v2\/comments?post=65395"}],"version-history":[{"count":0,"href":"https:\/\/www.europesays.com\/pt\/wp-json\/wp\/v2\/posts\/65395\/revisions"}],"wp:featuredmedia":[{"embeddable":true,"href":"https:\/\/www.europesays.com\/pt\/wp-json\/wp\/v2\/media\/65396"}],"wp:attachment":[{"href":"https:\/\/www.europesays.com\/pt\/wp-json\/wp\/v2\/media?parent=65395"}],"wp:term":[{"taxonomy":"category","embeddable":true,"href":"https:\/\/www.europesays.com\/pt\/wp-json\/wp\/v2\/categories?post=65395"},{"taxonomy":"post_tag","embeddable":true,"href":"https:\/\/www.europesays.com\/pt\/wp-json\/wp\/v2\/tags?post=65395"}],"curies":[{"name":"wp","href":"https:\/\/api.w.org\/{rel}","templated":true}]}}