{"id":65465,"date":"2025-09-10T09:31:08","date_gmt":"2025-09-10T09:31:08","guid":{"rendered":"https:\/\/www.europesays.com\/pt\/65465\/"},"modified":"2025-09-10T09:31:08","modified_gmt":"2025-09-10T09:31:08","slug":"praia-naturista-sem-sinalizacao-ja-fui-abordada-por-homens-mas-despacho-os-logo","status":"publish","type":"post","link":"https:\/\/www.europesays.com\/pt\/65465\/","title":{"rendered":"Praia naturista sem sinaliza\u00e7\u00e3o: &#8220;J\u00e1 fui abordada por homens, mas despacho-os logo&#8221;"},"content":{"rendered":"<p>O para-vento em U \u00e0 volta da cadeira, e o chap\u00e9u de sol a tapar a parte superior deixavam a descoberto apenas a vista para o mar, na zona norte da praia do Salgado, em Famalic\u00e3o, Nazar\u00e9. Maria, 60 anos, quase passava despercebida, se n\u00e3o estivesse \u00e0 beira-mar despida de preconceitos, tal como dezenas de outros naturistas a aproveitar o fim de semana. Come\u00e7ou por fazer topless e, h\u00e1 sete anos, &#8220;libertou-se&#8221; totalmente. E nem os mirones a demovem de estar em comunh\u00e3o com a natureza, na zona balnear de que mais gosta, pela vista sobre as montanhas.<\/p>\n<p data-remotead-prev-elm=\"true\" data-remotead-elm-id=\"inread\">&#8220;J\u00e1 fui abordada por homens, mas despacho-os logo. N\u00e3o me afetam&#8221;, assegura Maria, residente em Our\u00e9m. Quanto ao para-vento, esclarece que n\u00e3o tinha como objetivo resguard\u00e1-la de olhares indesejados, mas apenas proteg\u00ea-la da aragem que se fazia sentir. Favor\u00e1vel \u00e0 legaliza\u00e7\u00e3o da zona norte da praia como naturista, defende que devia estar sinalizada. &#8220;Talvez assim n\u00e3o viessem para aqui passear pessoas com crian\u00e7as pequenas. Eu n\u00e3o o faria&#8221;, sublinha.<\/p>\n<p>Acesso exclusivo a assinantes<\/p>\n<p>Acesso ilimitado a conte\u00fados exclusivos<\/p>\n<p>Navega\u00e7\u00e3o sem publicidade intrusiva<\/p>\n<p>Vers\u00e3o digital do jornal, suplementos e revistas<\/p>\n","protected":false},"excerpt":{"rendered":"O para-vento em U \u00e0 volta da cadeira, e o chap\u00e9u de sol a tapar a parte superior&hellip;\n","protected":false},"author":2,"featured_media":65466,"comment_status":"","ping_status":"","sticky":false,"template":"","format":"standard","meta":{"footnotes":""},"categories":[10],"tags":[27,28,15,16,14,25,26,21,22,12,13,19,20,32,23,24,33,17,18,29,30,31],"class_list":{"0":"post-65465","1":"post","2":"type-post","3":"status-publish","4":"format-standard","5":"has-post-thumbnail","7":"category-portugal","8":"tag-breaking-news","9":"tag-breakingnews","10":"tag-featured-news","11":"tag-featurednews","12":"tag-headlines","13":"tag-latest-news","14":"tag-latestnews","15":"tag-main-news","16":"tag-mainnews","17":"tag-news","18":"tag-noticias","19":"tag-noticias-principais","20":"tag-noticiasprincipais","21":"tag-portugal","22":"tag-principais-noticias","23":"tag-principaisnoticias","24":"tag-pt","25":"tag-top-stories","26":"tag-topstories","27":"tag-ultimas","28":"tag-ultimas-noticias","29":"tag-ultimasnoticias"},"share_on_mastodon":{"url":"","error":""},"_links":{"self":[{"href":"https:\/\/www.europesays.com\/pt\/wp-json\/wp\/v2\/posts\/65465","targetHints":{"allow":["GET"]}}],"collection":[{"href":"https:\/\/www.europesays.com\/pt\/wp-json\/wp\/v2\/posts"}],"about":[{"href":"https:\/\/www.europesays.com\/pt\/wp-json\/wp\/v2\/types\/post"}],"author":[{"embeddable":true,"href":"https:\/\/www.europesays.com\/pt\/wp-json\/wp\/v2\/users\/2"}],"replies":[{"embeddable":true,"href":"https:\/\/www.europesays.com\/pt\/wp-json\/wp\/v2\/comments?post=65465"}],"version-history":[{"count":0,"href":"https:\/\/www.europesays.com\/pt\/wp-json\/wp\/v2\/posts\/65465\/revisions"}],"wp:featuredmedia":[{"embeddable":true,"href":"https:\/\/www.europesays.com\/pt\/wp-json\/wp\/v2\/media\/65466"}],"wp:attachment":[{"href":"https:\/\/www.europesays.com\/pt\/wp-json\/wp\/v2\/media?parent=65465"}],"wp:term":[{"taxonomy":"category","embeddable":true,"href":"https:\/\/www.europesays.com\/pt\/wp-json\/wp\/v2\/categories?post=65465"},{"taxonomy":"post_tag","embeddable":true,"href":"https:\/\/www.europesays.com\/pt\/wp-json\/wp\/v2\/tags?post=65465"}],"curies":[{"name":"wp","href":"https:\/\/api.w.org\/{rel}","templated":true}]}}