{"id":65513,"date":"2025-09-10T10:32:12","date_gmt":"2025-09-10T10:32:12","guid":{"rendered":"https:\/\/www.europesays.com\/pt\/65513\/"},"modified":"2025-09-10T10:32:12","modified_gmt":"2025-09-10T10:32:12","slug":"crianca-encontrada-descalca-e-sozinha-em-aveiro-psp-suspeita-de-maus-tratos","status":"publish","type":"post","link":"https:\/\/www.europesays.com\/pt\/65513\/","title":{"rendered":"Crian\u00e7a encontrada descal\u00e7a e sozinha em Aveiro. PSP suspeita de maus-tratos"},"content":{"rendered":"<p>\t                Menor foi levado para o hospital de Aveiro<\/p>\n<p data-end=\"428\" data-start=\"194\">Uma crian\u00e7a de 12 anos foi entregue na segunda-feira na Esquadra da PSP de Aveiro, depois de ter sido encontrada a caminhar sozinha e descal\u00e7a na zona de Aradas, confirmou a PSP de Aveiro \u00e0 CNN Portugal.<\/p>\n<p data-end=\"600\" data-start=\"430\">Ap\u00f3s ser acolhido numa sala de atendimento \u00e0 v\u00edtima, a crian\u00e7a foi encaminhada para as urg\u00eancias de pediatria do Hospital de Aveiro, onde ficou internada por precau\u00e7\u00e3o.<\/p>\n<p data-end=\"600\" data-start=\"430\">Segundo a mesma fonte, &#8220;crian\u00e7a apresentava alguns hematomas na face e zona do pesco\u00e7o, pelo que foi conduzida \u00e0s urg\u00eancias de pediatria do Hospital de Aveiro, onde, por preven\u00e7\u00e3o, ficou internada&#8221;.<\/p>\n<p data-end=\"828\" data-start=\"602\">O caso foi sinalizado \u00e0 Comiss\u00e3o de Prote\u00e7\u00e3o de Crian\u00e7as e Jovens (CPCJ) de Aveiro, por suspeita de maus-tratos alegadamente infligidos pela progenitora e pelo companheiro desta, que j\u00e1 foram identificados pelas autoridades.<\/p>\n<p data-end=\"968\" data-start=\"830\">O menor dever\u00e1 ainda ser submetido a exame m\u00e9dico-legal no Instituto Nacional de Medicina Legal de Aveiro.<\/p>\n","protected":false},"excerpt":{"rendered":"Menor foi levado para o hospital de Aveiro Uma crian\u00e7a de 12 anos foi entregue na segunda-feira na&hellip;\n","protected":false},"author":2,"featured_media":65514,"comment_status":"","ping_status":"","sticky":false,"template":"","format":"standard","meta":{"footnotes":""},"categories":[10],"tags":[609,836,611,18023,1563,27,28,607,608,333,832,604,135,610,476,15,16,301,830,14,603,25,26,570,21,22,831,833,18022,62,834,12,13,19,20,835,602,52,32,23,24,33,17,18,29,30,31],"class_list":{"0":"post-65513","1":"post","2":"type-post","3":"status-publish","4":"format-standard","5":"has-post-thumbnail","7":"category-portugal","8":"tag-alerta","9":"tag-analise","10":"tag-ao-minuto","11":"tag-aradas","12":"tag-aveiro","13":"tag-breaking-news","14":"tag-breakingnews","15":"tag-cnn","16":"tag-cnn-portugal","17":"tag-comentadores","18":"tag-costa","19":"tag-crime","20":"tag-desporto","21":"tag-direto","22":"tag-economia","23":"tag-featured-news","24":"tag-featurednews","25":"tag-governo","26":"tag-guerra","27":"tag-headlines","28":"tag-justica","29":"tag-latest-news","30":"tag-latestnews","31":"tag-live","32":"tag-main-news","33":"tag-mainnews","34":"tag-mais-vistas","35":"tag-marcelo","36":"tag-maus-tratos","37":"tag-mundo","38":"tag-negocios","39":"tag-news","40":"tag-noticias","41":"tag-noticias-principais","42":"tag-noticiasprincipais","43":"tag-opiniao","44":"tag-pais","45":"tag-politica","46":"tag-portugal","47":"tag-principais-noticias","48":"tag-principaisnoticias","49":"tag-pt","50":"tag-top-stories","51":"tag-topstories","52":"tag-ultimas","53":"tag-ultimas-noticias","54":"tag-ultimasnoticias"},"share_on_mastodon":{"url":"","error":""},"_links":{"self":[{"href":"https:\/\/www.europesays.com\/pt\/wp-json\/wp\/v2\/posts\/65513","targetHints":{"allow":["GET"]}}],"collection":[{"href":"https:\/\/www.europesays.com\/pt\/wp-json\/wp\/v2\/posts"}],"about":[{"href":"https:\/\/www.europesays.com\/pt\/wp-json\/wp\/v2\/types\/post"}],"author":[{"embeddable":true,"href":"https:\/\/www.europesays.com\/pt\/wp-json\/wp\/v2\/users\/2"}],"replies":[{"embeddable":true,"href":"https:\/\/www.europesays.com\/pt\/wp-json\/wp\/v2\/comments?post=65513"}],"version-history":[{"count":0,"href":"https:\/\/www.europesays.com\/pt\/wp-json\/wp\/v2\/posts\/65513\/revisions"}],"wp:featuredmedia":[{"embeddable":true,"href":"https:\/\/www.europesays.com\/pt\/wp-json\/wp\/v2\/media\/65514"}],"wp:attachment":[{"href":"https:\/\/www.europesays.com\/pt\/wp-json\/wp\/v2\/media?parent=65513"}],"wp:term":[{"taxonomy":"category","embeddable":true,"href":"https:\/\/www.europesays.com\/pt\/wp-json\/wp\/v2\/categories?post=65513"},{"taxonomy":"post_tag","embeddable":true,"href":"https:\/\/www.europesays.com\/pt\/wp-json\/wp\/v2\/tags?post=65513"}],"curies":[{"name":"wp","href":"https:\/\/api.w.org\/{rel}","templated":true}]}}