{"id":6585,"date":"2025-07-29T06:57:14","date_gmt":"2025-07-29T06:57:14","guid":{"rendered":"https:\/\/www.europesays.com\/pt\/6585\/"},"modified":"2025-07-29T06:57:14","modified_gmt":"2025-07-29T06:57:14","slug":"apple-fecha-loja-fisica-na-china-pela-primeira-vez-2","status":"publish","type":"post","link":"https:\/\/www.europesays.com\/pt\/6585\/","title":{"rendered":"Apple fecha loja f\u00edsica na China pela primeira vez"},"content":{"rendered":"<p>\t                As vendas da empresa californiana ca\u00edram 1,3% em rela\u00e7\u00e3o ao ano anterior, embora as do mercado total tenham ca\u00eddo 4%<\/p>\n<p>A gigante tecnol\u00f3gica norte-americana Apple vai fechar pela primeira vez uma das lojas f\u00edsicas na China, onde a sua quota de mercado caiu nos \u00faltimos anos devido \u00e0 concorr\u00eancia de marcas locais em ascens\u00e3o.<\/p>\n<p>No portal oficial, a Apple China confirmou que a loja no centro comercial Parkland, em Dalian (nordeste), fecha no pr\u00f3ximo dia 09 de agosto. Nessa cidade, com cerca de 7,5 milh\u00f5es de habitantes, h\u00e1 outra loja a cerca de tr\u00eas quil\u00f3metros de dist\u00e2ncia, que permanece aberta.<\/p>\n<p>De acordo com um comunicado enviado pela empresa ao \u00f3rg\u00e3o especializado MacRumors, a decis\u00e3o foi tomada ap\u00f3s \u201ca sa\u00edda de v\u00e1rios vendedores do centro comercial Parkland\u201d, e todos os funcion\u00e1rios da loja fechada \u201cter\u00e3o a oportunidade de manter os seus postos\u201d na empresa.<\/p>\n<p>O portal de not\u00edcias econ\u00f3micas Sina lembrou que a Apple fechou uma loja em Pequim em 2020, embora nesse caso tenha sido para abrir outra nova e maior nas proximidades apenas dois dias depois. Al\u00e9m disso, destacou que a empresa tecnol\u00f3gica inaugurar\u00e1 um estabelecimento em Shenzhen (sudeste) no pr\u00f3ximo dia 16 de agosto.<\/p>\n<p>De acordo com dados da consultora IDC, no segundo trimestre, a Apple caiu para o quinto lugar na tabela de vendedores de telem\u00f3veis na China, superada pelas empresas locais Huawei, Vivo, Oppo e Xiaomi.<\/p>\n<p>As vendas da empresa californiana ca\u00edram 1,3% em rela\u00e7\u00e3o ao ano anterior, embora as do mercado total tenham ca\u00eddo 4%.<\/p>\n<p>De acordo com a Sina, a Apple j\u00e1 acumula sete trimestres consecutivos de queda no faturamento na regi\u00e3o que denomina \u201cGrande China\u201d, termo que engloba a China continental, Hong Kong, Macau e Taiwan e que \u00e9 o terceiro principal mercado, atr\u00e1s do continente norte-americano e da Europa.<\/p>\n<p>Perante esta situa\u00e7\u00e3o, o diretor executivo da empresa tecnol\u00f3gica, Tim Cook, embarcou numa campanha para recuperar posi\u00e7\u00f5es na China com m\u00faltiplas visitas, an\u00fancios de novos investimentos ou a inaugura\u00e7\u00e3o, em mar\u00e7o do ano passado, da maior loja da Apple na \u00c1sia, localizada em Xangai.<\/p>\n","protected":false},"excerpt":{"rendered":"As vendas da empresa californiana ca\u00edram 1,3% em rela\u00e7\u00e3o ao ano anterior, embora as do mercado total tenham&hellip;\n","protected":false},"author":2,"featured_media":6586,"comment_status":"","ping_status":"","sticky":false,"template":"","format":"standard","meta":{"footnotes":""},"categories":[84],"tags":[609,836,611,247,27,358,109,107,108,607,608,333,832,604,135,610,476,301,830,603,570,3425,831,833,42,62,834,13,835,602,52,32,33,105,103,104,106,110,29],"class_list":{"0":"post-6585","1":"post","2":"type-post","3":"status-publish","4":"format-standard","5":"has-post-thumbnail","7":"category-ciencia-e-tecnologia","8":"tag-alerta","9":"tag-analise","10":"tag-ao-minuto","11":"tag-apple","12":"tag-breaking-news","13":"tag-china","14":"tag-ciencia","15":"tag-ciencia-e-tecnologia","16":"tag-cienciaetecnologia","17":"tag-cnn","18":"tag-cnn-portugal","19":"tag-comentadores","20":"tag-costa","21":"tag-crime","22":"tag-desporto","23":"tag-direto","24":"tag-economia","25":"tag-governo","26":"tag-guerra","27":"tag-justica","28":"tag-live","29":"tag-lojas","30":"tag-mais-vistas","31":"tag-marcelo","32":"tag-mercado","33":"tag-mundo","34":"tag-negocios","35":"tag-noticias","36":"tag-opiniao","37":"tag-pais","38":"tag-politica","39":"tag-portugal","40":"tag-pt","41":"tag-science","42":"tag-science-and-technology","43":"tag-scienceandtechnology","44":"tag-technology","45":"tag-tecnologia","46":"tag-ultimas"},"share_on_mastodon":{"url":"","error":""},"_links":{"self":[{"href":"https:\/\/www.europesays.com\/pt\/wp-json\/wp\/v2\/posts\/6585","targetHints":{"allow":["GET"]}}],"collection":[{"href":"https:\/\/www.europesays.com\/pt\/wp-json\/wp\/v2\/posts"}],"about":[{"href":"https:\/\/www.europesays.com\/pt\/wp-json\/wp\/v2\/types\/post"}],"author":[{"embeddable":true,"href":"https:\/\/www.europesays.com\/pt\/wp-json\/wp\/v2\/users\/2"}],"replies":[{"embeddable":true,"href":"https:\/\/www.europesays.com\/pt\/wp-json\/wp\/v2\/comments?post=6585"}],"version-history":[{"count":0,"href":"https:\/\/www.europesays.com\/pt\/wp-json\/wp\/v2\/posts\/6585\/revisions"}],"wp:featuredmedia":[{"embeddable":true,"href":"https:\/\/www.europesays.com\/pt\/wp-json\/wp\/v2\/media\/6586"}],"wp:attachment":[{"href":"https:\/\/www.europesays.com\/pt\/wp-json\/wp\/v2\/media?parent=6585"}],"wp:term":[{"taxonomy":"category","embeddable":true,"href":"https:\/\/www.europesays.com\/pt\/wp-json\/wp\/v2\/categories?post=6585"},{"taxonomy":"post_tag","embeddable":true,"href":"https:\/\/www.europesays.com\/pt\/wp-json\/wp\/v2\/tags?post=6585"}],"curies":[{"name":"wp","href":"https:\/\/api.w.org\/{rel}","templated":true}]}}