{"id":66011,"date":"2025-09-10T18:01:08","date_gmt":"2025-09-10T18:01:08","guid":{"rendered":"https:\/\/www.europesays.com\/pt\/66011\/"},"modified":"2025-09-10T18:01:08","modified_gmt":"2025-09-10T18:01:08","slug":"filhos-de-alberto-e-charlene-do-monaco-voltam-a-escola-e-pormenor-gera-polemica","status":"publish","type":"post","link":"https:\/\/www.europesays.com\/pt\/66011\/","title":{"rendered":"Filhos de Alberto e Charlene do M\u00f3naco voltam \u00e0 escola&#8230; e pormenor gera pol\u00e9mica!"},"content":{"rendered":"<p>O regresso \u00e0s aulas dos filhos do <a href=\"https:\/\/selfie.iol.pt\/principe-alberto-do-monaco\/instagram\/revelada-primeira-fotografia-do-principe-alberto-do-monaco-com-os-filhos-mais-velhos\/20221112\/636f91390cf255d6e13a0ad8\" target=\"_blank\" rel=\"nofollow noopener\">pr\u00edncipe Alberto<\/a> e da <a href=\"https:\/\/selfie.iol.pt\/coroacao\/rei-carlos-iii\/coroacao-do-rei-carlos-iii-charlene-do-monaco-surge-irreconhecivel\/20230507\/64574e5dd34ef47b87539474\" target=\"_blank\" rel=\"nofollow noopener\">princesa Charlene<\/a> chamou a aten\u00e7\u00e3o no M\u00f3naco. Jacques e <a href=\"https:\/\/selfie.iol.pt\/famosos\/realeza\/aos-10-anos-princesa-gabriella-do-monaco-vive-momento-unico-ao-lado-de-companhia-especial\/20250712\/68721047d34e3f0baea06bca\" target=\"_blank\" rel=\"nofollow noopener\">Gabriella<\/a>, de dez anos, regressaram, esta segunda-feira, dia 8, \u00e0 escola Fran\u00e7ois d\u2019Assise-Nicolas Barr\u00e9, institui\u00e7\u00e3o cat\u00f3lica e multicultural do principado.<\/p>\n<p>&#8220;Na manh\u00e3 desta segunda-feira, o pr\u00edncipe herdeiro Jacques e a princesa Gabriella retornaram \u00e0 escola. Um novo ano letivo cheio de descobertas, amizades e aventuras os aguarda. A fam\u00edlia principesca deseja a todos os alunos do principado um excelente in\u00edcio de ano letivo!&#8221;, pode ler-se, numa publica\u00e7\u00e3o feita,\u00a0no Instagram, pela conta oficial da fam\u00edlia principesca do M\u00f3naco.<\/p>\n<p>A fotografia oficial, com os dois irm\u00e3os prontos para o regresso escolar, rapidamente captou aten\u00e7\u00f5es. Desta vez, o detalhe das mochilas acabou por gerar debate: Jacques exibiu um modelo inspirado no jogo Roblox, enquanto Gabriella escolheu uma mochila com um boneco\u00a0Labubu.<\/p>\n<p>Embora fosse apenas um registo simb\u00f3lico, a escolha dos acess\u00f3rios voltou a lan\u00e7ar alguma pol\u00e9mica, entre quem aplaude a naturalidade do momento e quem questiona se figuras do principado devem ser associadas a fen\u00f3menos da cultura digital.<\/p>\n<p>Veja, agora, na galeria que prepar\u00e1mos para si, as imagens partilhadas pela fam\u00edlia principesca do M\u00f3naco.<\/p>\n","protected":false},"excerpt":{"rendered":"O regresso \u00e0s aulas dos filhos do pr\u00edncipe Alberto e da princesa Charlene chamou a aten\u00e7\u00e3o no M\u00f3naco.&hellip;\n","protected":false},"author":2,"featured_media":66012,"comment_status":"","ping_status":"","sticky":false,"template":"","format":"standard","meta":{"footnotes":""},"categories":[145],"tags":[211,210,114,115,980,82,4765,32,18129,18126,18128,18125,33,2013,18127,1012],"class_list":{"0":"post-66011","1":"post","2":"type-post","3":"status-publish","4":"format-standard","5":"has-post-thumbnail","7":"category-celebridades","8":"tag-celebridades","9":"tag-celebrities","10":"tag-entertainment","11":"tag-entretenimento","12":"tag-famosos","13":"tag-internacional","14":"tag-monaco","15":"tag-portugal","16":"tag-princesa-charlene","17":"tag-princesa-gabriella","18":"tag-principe-alberto","19":"tag-principe-jacques","20":"tag-pt","21":"tag-realeza","22":"tag-realeza-monaco","23":"tag-selfie"},"share_on_mastodon":{"url":"","error":""},"_links":{"self":[{"href":"https:\/\/www.europesays.com\/pt\/wp-json\/wp\/v2\/posts\/66011","targetHints":{"allow":["GET"]}}],"collection":[{"href":"https:\/\/www.europesays.com\/pt\/wp-json\/wp\/v2\/posts"}],"about":[{"href":"https:\/\/www.europesays.com\/pt\/wp-json\/wp\/v2\/types\/post"}],"author":[{"embeddable":true,"href":"https:\/\/www.europesays.com\/pt\/wp-json\/wp\/v2\/users\/2"}],"replies":[{"embeddable":true,"href":"https:\/\/www.europesays.com\/pt\/wp-json\/wp\/v2\/comments?post=66011"}],"version-history":[{"count":0,"href":"https:\/\/www.europesays.com\/pt\/wp-json\/wp\/v2\/posts\/66011\/revisions"}],"wp:featuredmedia":[{"embeddable":true,"href":"https:\/\/www.europesays.com\/pt\/wp-json\/wp\/v2\/media\/66012"}],"wp:attachment":[{"href":"https:\/\/www.europesays.com\/pt\/wp-json\/wp\/v2\/media?parent=66011"}],"wp:term":[{"taxonomy":"category","embeddable":true,"href":"https:\/\/www.europesays.com\/pt\/wp-json\/wp\/v2\/categories?post=66011"},{"taxonomy":"post_tag","embeddable":true,"href":"https:\/\/www.europesays.com\/pt\/wp-json\/wp\/v2\/tags?post=66011"}],"curies":[{"name":"wp","href":"https:\/\/api.w.org\/{rel}","templated":true}]}}