{"id":66115,"date":"2025-09-10T19:22:10","date_gmt":"2025-09-10T19:22:10","guid":{"rendered":"https:\/\/www.europesays.com\/pt\/66115\/"},"modified":"2025-09-10T19:22:10","modified_gmt":"2025-09-10T19:22:10","slug":"tensao-e-confrontos-em-franca-centenas-de-detidos-nos-protestos-em-todo-o-pais","status":"publish","type":"post","link":"https:\/\/www.europesays.com\/pt\/66115\/","title":{"rendered":"Tens\u00e3o e confrontos em Fran\u00e7a. Centenas de detidos nos protestos em todo o pa\u00eds"},"content":{"rendered":"<p>&#13;<br \/>\n<b>Fran\u00e7a vive um dia de &#8220;Bloqueio Total&#8221;, com centenas de greves. Os manifestantes queixam-se do anunciado plano de austeridade e do agravamento das desigualdades sociais.&#13;<br \/>\n<\/b>&#13;\n<\/p>\n<p>          <img decoding=\"async\" itemprop=\"image\" class=\"img-fluid\"   src=\"https:\/\/www.europesays.com\/pt\/wp-content\/uploads\/2025\/09\/bb8986c4d442bc3a5c8198ded0b42e2e_N.jpg\"\/><\/p>\n<p>&#13;<br \/>\nMais de 175 mil manifestantes nas ruas francesas, 80 mil pol\u00edcias\u00a0em toda a Fran\u00e7a. <b>E s\u00f3 em Paris foram destacados perto de seis mil agentes das for\u00e7as de seguran\u00e7a.&#13;<br \/>\n<\/b>&#13;\n<\/p>\n<p>&#13;<br \/>\nDe acordo com o Minist\u00e9rio do Interior franc\u00eas, h\u00e1 registo de 267 inc\u00eandios nas ruas em todo o pa\u00eds. <b>At\u00e9 agora, foram detidas 473 pessoas, incluindo 203 em Paris.<br \/>&#13;<br \/>\n<\/b>&#13;\n<\/p>\n<p>\nH\u00e1 registos de confrontos em v\u00e1rias cidades e um cen\u00e1rio de destrui\u00e7\u00e3o urbana.<\/p>\n<p>O movimento de contesta\u00e7\u00e3o &#8220;Bloquear tudo&#8221; nasceu nas redes sociais com o objetivo de contestar a proposta do rigoroso or\u00e7amento do agora demission\u00e1rio primeiro-ministro, Fran\u00e7ois Bayrou.\u00a0Nem a queda do Governo, nem a nomea\u00e7\u00e3o do novo primeiro-ministro S\u00e9bastien Lecornu, travou o protesto marcado para esta quarta-feira.&#13;\n<\/p>\n<p>Milhares de pessoas tomaram as ruas de v\u00e1rias cidades. H\u00e1 mesmo quem diga que a decis\u00e3o do presidente franc\u00eas de nomear um aliado foi uma &#8220;bofetada na cara&#8221;.<\/p>\n<p>&#8220;Precisamos de mudan\u00e7a&#8221; foi uma das frases de ordem que mais se ouviu nos protestos. Em Paris, a pol\u00edcia impediu que &#8220;mil pessoas&#8221; invadissem a esta\u00e7\u00e3o Gare du Nord. Citadas pela France24, as autoridades foram obrigadas a intervir para evitar que \u201cum grande grupo\u201d entrasse na esta\u00e7\u00e3o de comboios.<br \/>&#13;<\/p>\n","protected":false},"excerpt":{"rendered":"&#13; Fran\u00e7a vive um dia de &#8220;Bloqueio Total&#8221;, com centenas de greves. Os manifestantes queixam-se do anunciado plano&hellip;\n","protected":false},"author":2,"featured_media":66116,"comment_status":"","ping_status":"","sticky":false,"template":"","format":"standard","meta":{"footnotes":""},"categories":[50],"tags":[27,28,15,16,14,25,26,21,22,62,12,13,19,20,23,24,420,421,17,18,29,30,31,63,64,65],"class_list":{"0":"post-66115","1":"post","2":"type-post","3":"status-publish","4":"format-standard","5":"has-post-thumbnail","7":"category-mundo","8":"tag-breaking-news","9":"tag-breakingnews","10":"tag-featured-news","11":"tag-featurednews","12":"tag-headlines","13":"tag-latest-news","14":"tag-latestnews","15":"tag-main-news","16":"tag-mainnews","17":"tag-mundo","18":"tag-news","19":"tag-noticias","20":"tag-noticias-principais","21":"tag-noticiasprincipais","22":"tag-principais-noticias","23":"tag-principaisnoticias","24":"tag-rtp","25":"tag-rtp-noticias","26":"tag-top-stories","27":"tag-topstories","28":"tag-ultimas","29":"tag-ultimas-noticias","30":"tag-ultimasnoticias","31":"tag-world","32":"tag-world-news","33":"tag-worldnews"},"share_on_mastodon":{"url":"","error":""},"_links":{"self":[{"href":"https:\/\/www.europesays.com\/pt\/wp-json\/wp\/v2\/posts\/66115","targetHints":{"allow":["GET"]}}],"collection":[{"href":"https:\/\/www.europesays.com\/pt\/wp-json\/wp\/v2\/posts"}],"about":[{"href":"https:\/\/www.europesays.com\/pt\/wp-json\/wp\/v2\/types\/post"}],"author":[{"embeddable":true,"href":"https:\/\/www.europesays.com\/pt\/wp-json\/wp\/v2\/users\/2"}],"replies":[{"embeddable":true,"href":"https:\/\/www.europesays.com\/pt\/wp-json\/wp\/v2\/comments?post=66115"}],"version-history":[{"count":0,"href":"https:\/\/www.europesays.com\/pt\/wp-json\/wp\/v2\/posts\/66115\/revisions"}],"wp:featuredmedia":[{"embeddable":true,"href":"https:\/\/www.europesays.com\/pt\/wp-json\/wp\/v2\/media\/66116"}],"wp:attachment":[{"href":"https:\/\/www.europesays.com\/pt\/wp-json\/wp\/v2\/media?parent=66115"}],"wp:term":[{"taxonomy":"category","embeddable":true,"href":"https:\/\/www.europesays.com\/pt\/wp-json\/wp\/v2\/categories?post=66115"},{"taxonomy":"post_tag","embeddable":true,"href":"https:\/\/www.europesays.com\/pt\/wp-json\/wp\/v2\/tags?post=66115"}],"curies":[{"name":"wp","href":"https:\/\/api.w.org\/{rel}","templated":true}]}}