{"id":66139,"date":"2025-09-10T19:39:32","date_gmt":"2025-09-10T19:39:32","guid":{"rendered":"https:\/\/www.europesays.com\/pt\/66139\/"},"modified":"2025-09-10T19:39:32","modified_gmt":"2025-09-10T19:39:32","slug":"novo-escandalo-e-grave-com-arbitro-despedido-por-causa-de-jurgen-klopp","status":"publish","type":"post","link":"https:\/\/www.europesays.com\/pt\/66139\/","title":{"rendered":"Novo esc\u00e2ndalo (e grave) com \u00e1rbitro despedido por causa de Jurgen Klopp"},"content":{"rendered":"<p>O antigo \u00e1rbitro de 43 anos, David Coote, est\u00e1 novamente a contas com a justi\u00e7a depois de ter sido acusado de gravar um v\u00eddeo impr\u00f3prio com uma crian\u00e7a. Amanh\u00e3, o ingl\u00eas ir\u00e1 comparecer no tribunal de Nottingham para uma primeira audi\u00e7\u00e3o.<\/p>\n<p>O v\u00eddeo em quest\u00e3o foi feito a 2 de janeiro de 2020 e, de acordo com a legisla\u00e7\u00e3o brit\u00e2nica, enquadra-se na Categoria A. Este \u00e9 o n\u00edvel mais elevado, geralmente aplicado a casos de viola\u00e7\u00e3o de crian\u00e7as ou outros tipos de agress\u00f5es sexuais cometidas por adultos.<\/p>\n<p>David Coote, recorde-se, foi despedido ap\u00f3s a divulga\u00e7\u00e3o de um v\u00eddeo, feito em julho de 2020, no qual insultava o <a target=\"_blank\" class=\"editor-link autolink-enabled\" href=\"https:\/\/www.abola.pt\/futebol\/liverpool-92\" data-resource-id=\"92\" data-resource-type=\"team\" data-sport=\"football\" rel=\"nofollow noopener\">Liverpool<\/a> como clube e, em particular, o agora ex-treinador da equipa, J\u00fcrgen Klopp.<\/p>\n<p>Mais tarde, surgiu outra grava\u00e7\u00e3o em que Coote inalava p\u00f3 branco atrav\u00e9s de uma nota enrolada. Isso aconteceu num quarto de hotel durante o Campeonato Europeu na Alemanha, onde ele era um dos \u00e1rbitros.<\/p>\n<p>O v\u00eddeo em que inala a subst\u00e2ncia foi filmado a 6 de julho, apenas um dia ap\u00f3s os quartos de final do <a class=\"autolink-enabled\" data-resource-id=\"37\" data-resource-type=\"competition\" data-sport=\"football\" href=\"https:\/\/www.abola.pt\/futebol\/competicao\/euro-37\" rel=\"nofollow noopener\" target=\"_blank\">Euro<\/a> 2024 entre Portugal e Fran\u00e7a \u2013 em que Coote foi um dos v\u00eddeo-\u00e1rbitros.<\/p>\n<p>Al\u00e9m disso, o \u00e1rbitro, que entretanto revelou ser homossexual, foi investigado pela FA devido ao seu envolvimento em poss\u00edveis apostas ilegais em jogos. A causa destes novos problemas para o \u00e1rbitro foram mensagens que ele enviou antes e depois de um jogo do <a class=\"autolink-enabled\" data-resource-id=\"83\" data-resource-type=\"team\" data-sport=\"football\" href=\"https:\/\/www.abola.pt\/futebol\/leeds-83\" rel=\"nofollow noopener\" target=\"_blank\">Leeds<\/a> contra o <a class=\"autolink-enabled\" data-resource-id=\"107\" data-resource-type=\"team\" data-sport=\"football\" href=\"https:\/\/www.abola.pt\/futebol\/west-bromwich-107\" rel=\"nofollow noopener\" target=\"_blank\">West Bromwich<\/a> em 2019.<\/p>\n<p>Estas mensagens levantaram suspeitas junto dos \u00f3rg\u00e3os de controlo de que algumas das decis\u00f5es em campo, como a exibi\u00e7\u00e3o de um cart\u00e3o amarelo, poderiam estar ligadas a ajuda a terceiros que estariam a fazer apostas.<\/p>\n","protected":false},"excerpt":{"rendered":"O antigo \u00e1rbitro de 43 anos, David Coote, est\u00e1 novamente a contas com a justi\u00e7a depois de ter&hellip;\n","protected":false},"author":2,"featured_media":66140,"comment_status":"","ping_status":"","sticky":false,"template":"","format":"standard","meta":{"footnotes":""},"categories":[8],"tags":[27,28,15,16,14,25,26,21,22,12,13,19,20,32,23,24,33,17,18,29,30,31],"class_list":{"0":"post-66139","1":"post","2":"type-post","3":"status-publish","4":"format-standard","5":"has-post-thumbnail","7":"category-principais-noticias","8":"tag-breaking-news","9":"tag-breakingnews","10":"tag-featured-news","11":"tag-featurednews","12":"tag-headlines","13":"tag-latest-news","14":"tag-latestnews","15":"tag-main-news","16":"tag-mainnews","17":"tag-news","18":"tag-noticias","19":"tag-noticias-principais","20":"tag-noticiasprincipais","21":"tag-portugal","22":"tag-principais-noticias","23":"tag-principaisnoticias","24":"tag-pt","25":"tag-top-stories","26":"tag-topstories","27":"tag-ultimas","28":"tag-ultimas-noticias","29":"tag-ultimasnoticias"},"share_on_mastodon":{"url":"","error":""},"_links":{"self":[{"href":"https:\/\/www.europesays.com\/pt\/wp-json\/wp\/v2\/posts\/66139","targetHints":{"allow":["GET"]}}],"collection":[{"href":"https:\/\/www.europesays.com\/pt\/wp-json\/wp\/v2\/posts"}],"about":[{"href":"https:\/\/www.europesays.com\/pt\/wp-json\/wp\/v2\/types\/post"}],"author":[{"embeddable":true,"href":"https:\/\/www.europesays.com\/pt\/wp-json\/wp\/v2\/users\/2"}],"replies":[{"embeddable":true,"href":"https:\/\/www.europesays.com\/pt\/wp-json\/wp\/v2\/comments?post=66139"}],"version-history":[{"count":0,"href":"https:\/\/www.europesays.com\/pt\/wp-json\/wp\/v2\/posts\/66139\/revisions"}],"wp:featuredmedia":[{"embeddable":true,"href":"https:\/\/www.europesays.com\/pt\/wp-json\/wp\/v2\/media\/66140"}],"wp:attachment":[{"href":"https:\/\/www.europesays.com\/pt\/wp-json\/wp\/v2\/media?parent=66139"}],"wp:term":[{"taxonomy":"category","embeddable":true,"href":"https:\/\/www.europesays.com\/pt\/wp-json\/wp\/v2\/categories?post=66139"},{"taxonomy":"post_tag","embeddable":true,"href":"https:\/\/www.europesays.com\/pt\/wp-json\/wp\/v2\/tags?post=66139"}],"curies":[{"name":"wp","href":"https:\/\/api.w.org\/{rel}","templated":true}]}}