{"id":66143,"date":"2025-09-10T19:42:14","date_gmt":"2025-09-10T19:42:14","guid":{"rendered":"https:\/\/www.europesays.com\/pt\/66143\/"},"modified":"2025-09-10T19:42:14","modified_gmt":"2025-09-10T19:42:14","slug":"apresentacao-do-livro-seguranca-a-bordo-dos-navios","status":"publish","type":"post","link":"https:\/\/www.europesays.com\/pt\/66143\/","title":{"rendered":"Apresenta\u00e7\u00e3o do livro &#8216;Seguran\u00e7a a Bordo dos Navios&#8217;"},"content":{"rendered":"<p>Apresenta\u00e7\u00e3o do livro &#8216;Seguran\u00e7a a Bordo dos Navios&#8217;<\/p>\n<p>\nApresenta\u00e7\u00e3o do livro &#8216;Seguran\u00e7a a Bordo dos Navios&#8217;\n<\/p>\n<p>\nUm manual essencial sobre seguran\u00e7a mar\u00edtima, atualizado com normas internacionais e protocolos contempor\u00e2neos\n<\/p>\n<p class=\"scheduleContent line-heigthp\">\n<p>\t13\/09\/2025<br \/>\n    a 13\/09\/2025\n        <\/p>\n<p class=\"scheduleContent line-heigthp\">\n<p>   Livraria Municipal Verney\n    <\/p>\n<p class=\"scheduleContent line-heigthp\">\n<p>       Gratuito\n    <\/p>\n<p>   \t13<br \/>\n   \tde<br \/>\n   \tSetembro<br \/>\n   \tde<br \/>\n   \t2025<\/p>\n<ul class=\"list-inline mt-2\">\n<li class=\"list-inline-item  text-type\">Oeiras<\/li>\n<li class=\"list-inline-item  text-type\">viver<\/li>\n<li class=\"list-inline-item  text-type\">Biblioteca<\/li>\n<li class=\"list-inline-item  text-type\">Lazer<\/li>\n<li class=\"list-inline-item  text-type\">Uni\u00e3o de Freguesias de Oeiras, S\u00e3o Juli\u00e3o da Barra, Pa\u00e7o de Arcos e Caxias<\/li>\n<\/ul>\n<p>\t\t<img decoding=\"async\" alt=\"\" data-fileentryid=\"4668300\" src=\"https:\/\/www.europesays.com\/pt\/wp-content\/uploads\/2025\/09\/caacd740-a36e-62cd-694b-ecb76528b3cc\" class=\"img-width imgstyl\"\/><\/p>\n<p>A apresenta\u00e7\u00e3o do livro &#8216;Seguran\u00e7a a Bordo dos Navios&#8217;, da autoria do Capit\u00e3o da Marinha Mercante Jo\u00e3o Rocha Ramos, realiza-se no dia 13 de setembro, \u00e0s 14h30, na Livraria Municipal Verney.<\/p>\n<p>Esta obra constitui um manual de refer\u00eancia sobre a seguran\u00e7a da vida humana no mar, abrangendo a Marinha de Com\u00e9rcio, a Marinha de Pesca e a Marinha de Recreio. O livro est\u00e1 atualizado com as mais recentes normas da Organiza\u00e7\u00e3o Mar\u00edtima Internacional (IMO), ag\u00eancia das Na\u00e7\u00f5es Unidas que define padr\u00f5es de seguran\u00e7a e prote\u00e7\u00e3o ambiental para navios, incluindo o C\u00f3digo Polar, bem como orienta\u00e7\u00f5es para enfrentar situa\u00e7\u00f5es excecionais, como a pandemia de COVID-19 a bordo.<\/p>\n","protected":false},"excerpt":{"rendered":"Apresenta\u00e7\u00e3o do livro &#8216;Seguran\u00e7a a Bordo dos Navios&#8217; Apresenta\u00e7\u00e3o do livro &#8216;Seguran\u00e7a a Bordo dos Navios&#8217; Um manual&hellip;\n","protected":false},"author":2,"featured_media":66144,"comment_status":"","ping_status":"","sticky":false,"template":"","format":"standard","meta":{"footnotes":""},"categories":[143],"tags":[18151,877,169,114,115,294,170,5663,5669,32,33,5668,5667,5664],"class_list":{"0":"post-66143","1":"post","2":"type-post","3":"status-publish","4":"format-standard","5":"has-post-thumbnail","7":"category-livros","8":"tag-apresentacao-do-livro","9":"tag-biblioteca","10":"tag-books","11":"tag-entertainment","12":"tag-entretenimento","13":"tag-lazer","14":"tag-livros","15":"tag-oeiras","16":"tag-paco-de-arcos-e-caxias","17":"tag-portugal","18":"tag-pt","19":"tag-sao-juliao-da-barra","20":"tag-uniao-de-freguesias-de-oeiras","21":"tag-viver"},"share_on_mastodon":{"url":"","error":""},"_links":{"self":[{"href":"https:\/\/www.europesays.com\/pt\/wp-json\/wp\/v2\/posts\/66143","targetHints":{"allow":["GET"]}}],"collection":[{"href":"https:\/\/www.europesays.com\/pt\/wp-json\/wp\/v2\/posts"}],"about":[{"href":"https:\/\/www.europesays.com\/pt\/wp-json\/wp\/v2\/types\/post"}],"author":[{"embeddable":true,"href":"https:\/\/www.europesays.com\/pt\/wp-json\/wp\/v2\/users\/2"}],"replies":[{"embeddable":true,"href":"https:\/\/www.europesays.com\/pt\/wp-json\/wp\/v2\/comments?post=66143"}],"version-history":[{"count":0,"href":"https:\/\/www.europesays.com\/pt\/wp-json\/wp\/v2\/posts\/66143\/revisions"}],"wp:featuredmedia":[{"embeddable":true,"href":"https:\/\/www.europesays.com\/pt\/wp-json\/wp\/v2\/media\/66144"}],"wp:attachment":[{"href":"https:\/\/www.europesays.com\/pt\/wp-json\/wp\/v2\/media?parent=66143"}],"wp:term":[{"taxonomy":"category","embeddable":true,"href":"https:\/\/www.europesays.com\/pt\/wp-json\/wp\/v2\/categories?post=66143"},{"taxonomy":"post_tag","embeddable":true,"href":"https:\/\/www.europesays.com\/pt\/wp-json\/wp\/v2\/tags?post=66143"}],"curies":[{"name":"wp","href":"https:\/\/api.w.org\/{rel}","templated":true}]}}