{"id":66153,"date":"2025-09-10T19:47:11","date_gmt":"2025-09-10T19:47:11","guid":{"rendered":"https:\/\/www.europesays.com\/pt\/66153\/"},"modified":"2025-09-10T19:47:11","modified_gmt":"2025-09-10T19:47:11","slug":"garanhuns-intensifica-vacinacao-contra-gripe-para-idosos-criancas-e-gestantes","status":"publish","type":"post","link":"https:\/\/www.europesays.com\/pt\/66153\/","title":{"rendered":"Garanhuns intensifica vacina\u00e7\u00e3o contra gripe para idosos, crian\u00e7as e gestantes"},"content":{"rendered":"<p>A partir da pr\u00f3xima segunda-feira, 15, a vacina de influenza (gripe) voltar\u00e1 a ser disponibilizada apenas para os idosos, gestantes e crian\u00e7as de 6 meses a menores de 6 anos de idade em Garanhuns. A mudan\u00e7a se d\u00e1 a partir de recomenda\u00e7\u00e3o do Minist\u00e9rio da Sa\u00fade, preconizando os grupos priorit\u00e1rios em meio aos estoques baixos do imunizante na regi\u00e3o. A vacina est\u00e1 sendo administrada em todas as Unidades B\u00e1sicas de Sa\u00fade do munic\u00edpio.<\/p>\n<p>Crian\u00e7as e idosos est\u00e3o mais propensos \u00e0 hospitaliza\u00e7\u00f5es, complica\u00e7\u00f5es e desenvolvimento de casos graves da influenza. Com a vacina\u00e7\u00e3o, as gestantes produzem anticorpos que ser\u00e3o passados para o beb\u00ea, atrav\u00e9s da placenta. O imunizante protege contra tr\u00eas v\u00edrus diferentes, H1N1, H3N2 e B, e pode ser administrado junto com outras vacinas. A vacina protege contra at\u00e9 70% dos casos graves e \u00f3bitos provocados pela doen\u00e7a.<\/p>\n<p>Desde o in\u00edcio da estrat\u00e9gia de vacina\u00e7\u00e3o contra a influenza, em abril, cerca de 53% da popula\u00e7\u00e3o alvo do munic\u00edpio foi imunizada. No Brasil, esse n\u00famero \u00e9 de 48%, segundo dados do Minist\u00e9rio da Sa\u00fade.<\/p>\n<p>Assessoria de Comunica\u00e7\u00e3o \u2014 Secretaria de Sa\u00fade<br \/>Fotos: Paula Mayer (PMG)<\/p>\n<p><img fetchpriority=\"high\" decoding=\"async\" width=\"1024\" height=\"683\" data-id=\"61102\" src=\"https:\/\/www.europesays.com\/pt\/wp-content\/uploads\/2025\/09\/Paula-Mayer-21-1024x683.jpeg\" alt=\"\" class=\"wp-image-61102\"  \/><\/p>\n<p><img loading=\"lazy\" decoding=\"async\" width=\"1024\" height=\"683\" data-id=\"61101\" src=\"https:\/\/www.europesays.com\/pt\/wp-content\/uploads\/2025\/09\/Paula-Mayer-10-1024x683.jpeg\" alt=\"\" class=\"wp-image-61101\"  \/><\/p>\n","protected":false},"excerpt":{"rendered":"A partir da pr\u00f3xima segunda-feira, 15, a vacina de influenza (gripe) voltar\u00e1 a ser disponibilizada apenas para os&hellip;\n","protected":false},"author":2,"featured_media":66154,"comment_status":"","ping_status":"","sticky":false,"template":"","format":"standard","meta":{"footnotes":""},"categories":[86],"tags":[116,32,33,117],"class_list":{"0":"post-66153","1":"post","2":"type-post","3":"status-publish","4":"format-standard","5":"has-post-thumbnail","7":"category-saude","8":"tag-health","9":"tag-portugal","10":"tag-pt","11":"tag-saude"},"share_on_mastodon":{"url":"","error":""},"_links":{"self":[{"href":"https:\/\/www.europesays.com\/pt\/wp-json\/wp\/v2\/posts\/66153","targetHints":{"allow":["GET"]}}],"collection":[{"href":"https:\/\/www.europesays.com\/pt\/wp-json\/wp\/v2\/posts"}],"about":[{"href":"https:\/\/www.europesays.com\/pt\/wp-json\/wp\/v2\/types\/post"}],"author":[{"embeddable":true,"href":"https:\/\/www.europesays.com\/pt\/wp-json\/wp\/v2\/users\/2"}],"replies":[{"embeddable":true,"href":"https:\/\/www.europesays.com\/pt\/wp-json\/wp\/v2\/comments?post=66153"}],"version-history":[{"count":0,"href":"https:\/\/www.europesays.com\/pt\/wp-json\/wp\/v2\/posts\/66153\/revisions"}],"wp:featuredmedia":[{"embeddable":true,"href":"https:\/\/www.europesays.com\/pt\/wp-json\/wp\/v2\/media\/66154"}],"wp:attachment":[{"href":"https:\/\/www.europesays.com\/pt\/wp-json\/wp\/v2\/media?parent=66153"}],"wp:term":[{"taxonomy":"category","embeddable":true,"href":"https:\/\/www.europesays.com\/pt\/wp-json\/wp\/v2\/categories?post=66153"},{"taxonomy":"post_tag","embeddable":true,"href":"https:\/\/www.europesays.com\/pt\/wp-json\/wp\/v2\/tags?post=66153"}],"curies":[{"name":"wp","href":"https:\/\/api.w.org\/{rel}","templated":true}]}}