{"id":66169,"date":"2025-09-10T19:58:10","date_gmt":"2025-09-10T19:58:10","guid":{"rendered":"https:\/\/www.europesays.com\/pt\/66169\/"},"modified":"2025-09-10T19:58:10","modified_gmt":"2025-09-10T19:58:10","slug":"secretario-de-planejamento-de-sc-visita-concordia-a-convite-da-acic-veja-radio-rural","status":"publish","type":"post","link":"https:\/\/www.europesays.com\/pt\/66169\/","title":{"rendered":"Secret\u00e1rio de Planejamento de SC visita Conc\u00f3rdia a convite da ACIC. Veja! &#8211; R\u00e1dio Rural"},"content":{"rendered":"<ol>\n<li><a href=\"https:\/\/news.google.com\/rss\/articles\/CBMiyAFBVV95cUxPYTFSSEtUSER0Y1k0cXBYQjhtdUZ6S2VGZWpVaHVHeUZrdGVEVnpQajdNenRjRUxiT0JTVU9zV1JqRUVTdGNyYTNzTXp3V19tSnRMbTVjOXd0RHRxWFN6ZThDLW1pSHN2OUpsTTdXWV9VZjM4MjhMS0dxNWdXQmhORGs0LVYzdDNWUGtmTkNwejRvTlFTaEVfZHR1dVNHbWxvNFdFNXVpZ3VfdlR6cXFseHluemxoejJuVGtMUWFUcWR4cWhNek9CaA?oc=5\" target=\"_blank\" rel=\"nofollow noopener\">Secret\u00e1rio de Planejamento de SC visita Conc\u00f3rdia a convite da ACIC. Veja!<\/a>&nbsp;&nbsp;R\u00e1dio Rural<\/li>\n<li><a href=\"https:\/\/news.google.com\/rss\/articles\/CBMizwFBVV95cUxNYWMxeU9KTzJqamFYRWhBdEsyZzFhcVN4dlZUQldUdkpLRGY2aHBRQnJ6M0Q5VnUwaG5DbHFqeHdaMjdvWWNOcUVmTlJXV3c3eGNla0NHanJZeDl5a1hadmhaVFA3VENHNy1YR0JSdHNYWmhhelJiRC1FNGt4cE1IQVpSUEZpdXBfQzVLdnBVckd4OWNaTTh0cGwyT2VtczM1YzhodkdxdE1sVUFmV3JMY1JJMFVxS0F1RkxLLU1JbmUxNmlPU0o1VjVxNzRPbkk?oc=5\" target=\"_blank\" rel=\"nofollow noopener\">ACIC entrega of\u00edcio ao Secret\u00e1rio de Planejamento de SC pedindo revitaliza\u00e7\u00e3o completa da SC-283<\/a>&nbsp;&nbsp;R\u00e1dio 96 FM<\/li>\n<li><a href=\"https:\/\/news.google.com\/rss\/articles\/CBMi8AFBVV95cUxNSnQwaU13emRpanhsanBJdWRrZG1UVmh6ODNLN3FtZ3Qtb1BuT3gzTXhoY09DQWRUR1ZqcWVhNzVOT2FrSVFRQVV2MmxHNUZZLS1NNEFBX0dTcWd0c2cwQ0ZLaGxhYWlkUjNTM0o2SGV6V0pXZUYycmowYTlaRWRhR05GZ250bzA0SkxBY1dBMDVaclA5MjBORkxwM3BIbDcyTUU3cXk5aFZLLXJWZUN1ekhDUi1NSnZZb2x2VGxDVmRGOW03LW1QNjZ1VFJTeUcxdzQyMTNPdkVkWUNkMktXTnZqa3NBWURacVpmUmhrYTk?oc=5\" target=\"_blank\" rel=\"nofollow noopener\">Associa\u00e7\u00e3o Empresarial de Conc\u00f3rdia refor\u00e7a demandas da regi\u00e3o em encontro com secret\u00e1rio de Planejamento de SC<\/a>&nbsp;&nbsp;Oeste Mais<\/li>\n<li><a href=\"https:\/\/news.google.com\/rss\/articles\/CBMikgFBVV95cUxNNXlITDJyejRWUkx3TG94Z0w0S0JuS3czMkJLdjFFZTA4bzVmcTQzYU1tY3U3YkE3bTgxbEllTWVrRDJSYnlja0NMZ3J4azlpUWR2Y0RfRUkzNkxlSjYwd0YwNUVQU2JOa0FsSDhTa2V6enpyWUJacmNrNGpwd0xRWm9TODlJTU1OZkU0QjlVQjBFdw?oc=5\" target=\"_blank\" rel=\"nofollow noopener\">Secret\u00e1rio Estadual do Planejamento visita Conc\u00f3rdia<\/a>&nbsp;&nbsp;Portal Sublinhado<\/li>\n<li><a href=\"https:\/\/news.google.com\/rss\/articles\/CBMirwFBVV95cUxORlIzU0lua3pfLU0weUJ5Nkh5UDdpbGhocWdwdFJjTG9LUVJGYzhmYngwWTM5M01XNnRjSWcxN0hWMkwxTFJ0WkF6NkZGM0RQOWFBOGxEZWZZc3pERlhROXhPRkdBV294bk9JUXdhZjRqSjRRZ3pnVFpmcUNxV3Btck9BazJoMTJOM0ZXUDhTSjdMZi03cGRPakJLaHVsN2g2R2ZFNEprNVg4Mm1MbGhj?oc=5\" target=\"_blank\" rel=\"nofollow noopener\">ACIC re\u00fane secret\u00e1rio de Estado de Planejamento em Conc\u00f3rdia para discutir prioridades<\/a>&nbsp;&nbsp;Atual FM<\/li>\n<\/ol>\n","protected":false},"excerpt":{"rendered":"Secret\u00e1rio de Planejamento de SC visita Conc\u00f3rdia a convite da ACIC. Veja!&nbsp;&nbsp;R\u00e1dio Rural ACIC entrega of\u00edcio ao Secret\u00e1rio&hellip;\n","protected":false},"author":2,"featured_media":66170,"comment_status":"","ping_status":"","sticky":false,"template":"","format":"standard","meta":{"footnotes":""},"categories":[141],"tags":[562,726,2733,2731,476,539,2258,114,115,1062,986,2732,149,150,1086,52,32,33,3551,117],"class_list":{"0":"post-66169","1":"post","2":"type-post","3":"status-publish","4":"format-standard","5":"has-post-thumbnail","7":"category-musica","8":"tag-agricultura","9":"tag-brasil","10":"tag-carnaval","11":"tag-dicas-do-dia","12":"tag-economia","13":"tag-educacao","14":"tag-eleicoes","15":"tag-entertainment","16":"tag-entretenimento","17":"tag-esportes","18":"tag-estado","19":"tag-geral","20":"tag-music","21":"tag-musica","22":"tag-policia","23":"tag-politica","24":"tag-portugal","25":"tag-pt","26":"tag-regiao","27":"tag-saude"},"share_on_mastodon":{"url":"","error":""},"_links":{"self":[{"href":"https:\/\/www.europesays.com\/pt\/wp-json\/wp\/v2\/posts\/66169","targetHints":{"allow":["GET"]}}],"collection":[{"href":"https:\/\/www.europesays.com\/pt\/wp-json\/wp\/v2\/posts"}],"about":[{"href":"https:\/\/www.europesays.com\/pt\/wp-json\/wp\/v2\/types\/post"}],"author":[{"embeddable":true,"href":"https:\/\/www.europesays.com\/pt\/wp-json\/wp\/v2\/users\/2"}],"replies":[{"embeddable":true,"href":"https:\/\/www.europesays.com\/pt\/wp-json\/wp\/v2\/comments?post=66169"}],"version-history":[{"count":0,"href":"https:\/\/www.europesays.com\/pt\/wp-json\/wp\/v2\/posts\/66169\/revisions"}],"wp:featuredmedia":[{"embeddable":true,"href":"https:\/\/www.europesays.com\/pt\/wp-json\/wp\/v2\/media\/66170"}],"wp:attachment":[{"href":"https:\/\/www.europesays.com\/pt\/wp-json\/wp\/v2\/media?parent=66169"}],"wp:term":[{"taxonomy":"category","embeddable":true,"href":"https:\/\/www.europesays.com\/pt\/wp-json\/wp\/v2\/categories?post=66169"},{"taxonomy":"post_tag","embeddable":true,"href":"https:\/\/www.europesays.com\/pt\/wp-json\/wp\/v2\/tags?post=66169"}],"curies":[{"name":"wp","href":"https:\/\/api.w.org\/{rel}","templated":true}]}}