{"id":66173,"date":"2025-09-10T20:00:12","date_gmt":"2025-09-10T20:00:12","guid":{"rendered":"https:\/\/www.europesays.com\/pt\/66173\/"},"modified":"2025-09-10T20:00:12","modified_gmt":"2025-09-10T20:00:12","slug":"convocatoria-de-jorge-braz-para-a-croacia-dominada-por-sporting-e-benfica","status":"publish","type":"post","link":"https:\/\/www.europesays.com\/pt\/66173\/","title":{"rendered":"Convocat\u00f3ria de Jorge Braz para a Cro\u00e1cia dominada por Sporting e Benfica"},"content":{"rendered":"<p>Jorge Braz, divulgou esta quarta-feira a lista de 14 convocados para o duplo compromisso frente \u00e0 Cro\u00e1cia, de prepara\u00e7\u00e3o rumo ao Euro 2026.<\/p>\n<p>A lista de escolhidos pelo selecionador nacional \u00e9 dominada pelo Sporting e pelo Benfica com cinco jogadores cada.<\/p>\n<p>Destaque para o regresso de alguns nomes \u00abhabituais\u00bb em rela\u00e7\u00e3o \u00e0 \u00faltima convocat\u00f3ria como Erick (Barcelona), os irm\u00e3os Pa\u00e7\u00f3 (Sporting) e ainda Kutchy, do Benfica.<\/p>\n<p>Os dois jogos frente aos croatas ter\u00e3o lugar no Pavilh\u00e3o Municipal de Desportos de Vila do Conde, primeiro no dia 20 de setembro e o segundo encontro ser\u00e1 dois dias depois.<\/p>\n<p><strong>Convocat\u00f3ria de Jorge Braz para os jogos contra a Cro\u00e1cia:<\/strong><\/p>\n<p><strong>Guarda-redes<\/strong>:\u00a0Edu (El Pozo Murcia) e Bernardo Pa\u00e7\u00f3 (Sporting)<\/p>\n<p><strong>Fixos<\/strong>: Andr\u00e9 Coelho (Benfica) e Tom\u00e1s Pa\u00e7\u00f3 (Sporting);<\/p>\n<p><strong>Fixo\/Ala<\/strong>: Afonso (Benfica) e Bruno Maior (Sporting);<\/p>\n<p><strong>Universal<\/strong>:\u00a0Erick (Barcelona)<\/p>\n<p><strong>Alas<\/strong>: Tiago Brito (Sp. Braga), Diogo Santos (Sporting), Silvestre Ferreira (Benfica), Pany (Benfica), Kutchy (Benfica) e Pauleta (Sporting);<\/p>\n<p><strong>Piv\u00f4<\/strong>:\u00a0Neves (Sp. Braga)<\/p>\n<blockquote class=\"twitter-tweet\">\n<p lang=\"pt\">Os escolhidos para o duplo confronto frente \u00e0 Cro\u00e1cia, na prepara\u00e7\u00e3o para o Euro 2026 \ud83d\udcdc <a href=\"https:\/\/twitter.com\/hashtag\/FazHist%C3%B3ria?src=hash&amp;ref_src=twsrc%5Etfw\" rel=\"nofollow noopener\" target=\"_blank\">#FazHist\u00f3ria<\/a> | <a href=\"https:\/\/twitter.com\/hashtag\/Futsal?src=hash&amp;ref_src=twsrc%5Etfw\" rel=\"nofollow noopener\" target=\"_blank\">#Futsal<\/a> <a href=\"https:\/\/t.co\/cnkfROyWWo\" rel=\"nofollow\">pic.twitter.com\/cnkfROyWWo<\/a><\/p>\n<p> \u2014 Portugal (@selecaoportugal)<br \/>\n  <a href=\"https:\/\/twitter.com\/selecaoportugal\/status\/1965739227511202208?ref_src=twsrc%5Etfw\" rel=\"nofollow noopener\" target=\"_blank\">September 10, 2025<\/a>\n <\/p><\/blockquote>\n<p>                                <script async src=\"https:\/\/platform.twitter.com\/widgets.js\" charset=\"utf-8\"><\/script><\/p>\n","protected":false},"excerpt":{"rendered":"Jorge Braz, divulgou esta quarta-feira a lista de 14 convocados para o duplo compromisso frente \u00e0 Cro\u00e1cia, de&hellip;\n","protected":false},"author":2,"featured_media":66174,"comment_status":"","ping_status":"","sticky":false,"template":"","format":"standard","meta":{"footnotes":""},"categories":[87],"tags":[9133,135,1831,18154,46,1830,32,33,47,4338,134],"class_list":{"0":"post-66173","1":"post","2":"type-post","3":"status-publish","4":"format-standard","5":"has-post-thumbnail","7":"category-desporto","8":"tag-croacia","9":"tag-desporto","10":"tag-futsal","11":"tag-jorge-braz","12":"tag-maisfutebol","13":"tag-modalidades","14":"tag-portugal","15":"tag-pt","16":"tag-pura-paixao","17":"tag-selecao","18":"tag-sports"},"share_on_mastodon":{"url":"","error":""},"_links":{"self":[{"href":"https:\/\/www.europesays.com\/pt\/wp-json\/wp\/v2\/posts\/66173","targetHints":{"allow":["GET"]}}],"collection":[{"href":"https:\/\/www.europesays.com\/pt\/wp-json\/wp\/v2\/posts"}],"about":[{"href":"https:\/\/www.europesays.com\/pt\/wp-json\/wp\/v2\/types\/post"}],"author":[{"embeddable":true,"href":"https:\/\/www.europesays.com\/pt\/wp-json\/wp\/v2\/users\/2"}],"replies":[{"embeddable":true,"href":"https:\/\/www.europesays.com\/pt\/wp-json\/wp\/v2\/comments?post=66173"}],"version-history":[{"count":0,"href":"https:\/\/www.europesays.com\/pt\/wp-json\/wp\/v2\/posts\/66173\/revisions"}],"wp:featuredmedia":[{"embeddable":true,"href":"https:\/\/www.europesays.com\/pt\/wp-json\/wp\/v2\/media\/66174"}],"wp:attachment":[{"href":"https:\/\/www.europesays.com\/pt\/wp-json\/wp\/v2\/media?parent=66173"}],"wp:term":[{"taxonomy":"category","embeddable":true,"href":"https:\/\/www.europesays.com\/pt\/wp-json\/wp\/v2\/categories?post=66173"},{"taxonomy":"post_tag","embeddable":true,"href":"https:\/\/www.europesays.com\/pt\/wp-json\/wp\/v2\/tags?post=66173"}],"curies":[{"name":"wp","href":"https:\/\/api.w.org\/{rel}","templated":true}]}}