{"id":66179,"date":"2025-09-10T20:04:15","date_gmt":"2025-09-10T20:04:15","guid":{"rendered":"https:\/\/www.europesays.com\/pt\/66179\/"},"modified":"2025-09-10T20:04:15","modified_gmt":"2025-09-10T20:04:15","slug":"tirar-30-kg-no-novo-ferrari-testarossa-custa-tanto-como-um-golf-gti","status":"publish","type":"post","link":"https:\/\/www.europesays.com\/pt\/66179\/","title":{"rendered":"Tirar 30 kg no novo Ferrari Testarossa custa tanto como um Golf GTI"},"content":{"rendered":"<p>\n\tSe quer levar o novo 849 Testarossa para a pista, a Ferrari disponibiliza o pacote Assetto Fiorano, que retira peso e agu\u00e7a a aerodin\u00e2mica e comportamento.\n<\/p>\n<p>\u00c9 debat\u00edvel se a Ferrari deveria ter chamado <a href=\"https:\/\/www.razaoautomovel.com\/noticias\/apresentacao-ferrari-849-testarossa\/\" rel=\"nofollow noopener\" target=\"_blank\">Testarossa<\/a> a um carro que \u00e9 uma evolu\u00e7\u00e3o direta do SF90 Stradale que veio substituir, mas est\u00e1 aqui e argumentos n\u00e3o lhe faltam.<\/p>\n<p>O supercarro h\u00edbrido plug-in anuncia 1050 cv de pot\u00eancia m\u00e1xima combinada, passando a ser o Ferrari de produ\u00e7\u00e3o em s\u00e9rie mais potente de sempre \u2014 o <a href=\"https:\/\/youtu.be\/GadYJrDsVxY?si=9THgH09HWmsPp9-i\" target=\"_blank\" rel=\"noreferrer noopener nofollow\">F80<\/a> \u00e9 mais potente, mas \u00e9 de produ\u00e7\u00e3o limitada.<\/p>\n<p>Promete performances bal\u00edsticas, mas para os que pretendem extrair toda a performance em pista, a Ferrari recomenda o pacote Assetto Fiorano para o Testarossa.<\/p>\n<p>Este retira 30 kg aos 1570 kg (a seco) do 849 Testarossa, recorrendo a mais fibra de carbono e tit\u00e2nio, que pode ser encontrado nas novas bacquets tubulares (-18 kg) ou nas jantes de 20\u2033 em fibra de carbono.<\/p>\n<p>N\u00e3o se fica pela dieta. A aerodin\u00e2mica foi revista com um splitter majorado, um par extra de geradores de v\u00f3rtices e os dois spoilers traseiros s\u00e3o promovidos a pequenas asas, similares \u00e0s do Enzo FXX. Ganha tamb\u00e9m novos amortecedores Multimatic de amortecimento fixo e pneus Michelin Pilot Sport Cup2.<\/p>\n<p>O custo de tudo isto? Um <a href=\"https:\/\/www.razaoautomovel.com\/etiqueta\/volkswagen-golf-gti\/\" rel=\"nofollow noopener\" target=\"_blank\">Volkswagen Golf GTI<\/a>. Em Portugal custa 50 885 euros, ligeiramente abaixo do pacote Assetto Fiorano para o Ferrari 849 Testarossa, que ascende a 52 500 euros.<\/p>\n<p style=\"font-family: 'Adelle Sans', sans-serif; font-size:15px;font-style:normal;font-weight:400\"><strong>Sobre o \u201cArranque a Frio\u201d.<\/strong> De segunda a sexta-feira na Raz\u00e3o Autom\u00f3vel, h\u00e1 um \u201cArranque a Frio\u201d \u00e0s 7h00 da manh\u00e3. Enquanto bebe o seu caf\u00e9 ou ganha coragem para come\u00e7ar o dia, fique a par de curiosidades, factos hist\u00f3ricos e v\u00eddeos relevantes do mundo autom\u00f3vel. Tudo em menos de 200 palavras.<\/p>\n","protected":false},"excerpt":{"rendered":"Se quer levar o novo 849 Testarossa para a pista, a Ferrari disponibiliza o pacote Assetto Fiorano, que&hellip;\n","protected":false},"author":2,"featured_media":66180,"comment_status":"","ping_status":"","sticky":false,"template":"","format":"standard","meta":{"footnotes":""},"categories":[83],"tags":[990,88,89,90,2193,17901,32,33,7919],"class_list":{"0":"post-66179","1":"post","2":"type-post","3":"status-publish","4":"format-standard","5":"has-post-thumbnail","7":"category-empresas","8":"tag-arranque-a-frio","9":"tag-business","10":"tag-economy","11":"tag-empresas","12":"tag-ferrari","13":"tag-ferrari-849-testarossa","14":"tag-portugal","15":"tag-pt","16":"tag-supercarros"},"share_on_mastodon":{"url":"","error":""},"_links":{"self":[{"href":"https:\/\/www.europesays.com\/pt\/wp-json\/wp\/v2\/posts\/66179","targetHints":{"allow":["GET"]}}],"collection":[{"href":"https:\/\/www.europesays.com\/pt\/wp-json\/wp\/v2\/posts"}],"about":[{"href":"https:\/\/www.europesays.com\/pt\/wp-json\/wp\/v2\/types\/post"}],"author":[{"embeddable":true,"href":"https:\/\/www.europesays.com\/pt\/wp-json\/wp\/v2\/users\/2"}],"replies":[{"embeddable":true,"href":"https:\/\/www.europesays.com\/pt\/wp-json\/wp\/v2\/comments?post=66179"}],"version-history":[{"count":0,"href":"https:\/\/www.europesays.com\/pt\/wp-json\/wp\/v2\/posts\/66179\/revisions"}],"wp:featuredmedia":[{"embeddable":true,"href":"https:\/\/www.europesays.com\/pt\/wp-json\/wp\/v2\/media\/66180"}],"wp:attachment":[{"href":"https:\/\/www.europesays.com\/pt\/wp-json\/wp\/v2\/media?parent=66179"}],"wp:term":[{"taxonomy":"category","embeddable":true,"href":"https:\/\/www.europesays.com\/pt\/wp-json\/wp\/v2\/categories?post=66179"},{"taxonomy":"post_tag","embeddable":true,"href":"https:\/\/www.europesays.com\/pt\/wp-json\/wp\/v2\/tags?post=66179"}],"curies":[{"name":"wp","href":"https:\/\/api.w.org\/{rel}","templated":true}]}}