{"id":66185,"date":"2025-09-10T20:11:10","date_gmt":"2025-09-10T20:11:10","guid":{"rendered":"https:\/\/www.europesays.com\/pt\/66185\/"},"modified":"2025-09-10T20:11:10","modified_gmt":"2025-09-10T20:11:10","slug":"concorrentes-vestem-se-a-rigor-e-afonso-serve-uma-lambada-de-peixe-na-cara-de-miranda-big-brother","status":"publish","type":"post","link":"https:\/\/www.europesays.com\/pt\/66185\/","title":{"rendered":"Concorrentes vestem-se a rigor e Afonso serve uma &#8216;lambada&#8217; de peixe na cara de Miranda &#8211; Big Brother"},"content":{"rendered":"<p>No\u00a0<a href=\"https:\/\/tvi.iol.pt\/bigbrother\/\" rel=\"nofollow noopener\" target=\"_blank\">Big Brother Ver\u00e3o<\/a>, os concorrentes s\u00e3o chamados para uma nova din\u00e2mica em que est\u00e3o todos vestidos de peixeira. A gargalhada instala-se quando, a certo ponto, Afonso d\u00e1 com um peixe na cara de Miranda. Esta riposta.\u00a0<\/p>\n<p>Esta \u00e9 a \u00faltima semana do Big Brother Ver\u00e3o. Afonso Leit\u00e3o, Catarina Miranda, J\u00e9ssica Vieira e Viriato Quintela s\u00e3o os finalistas desta edi\u00e7\u00e3o.\u00a0<\/p>\n<p><strong>ESCOLHA O VENCEDOR:<\/strong><\/p>\n<p>AFONSO LEIT\u00c3O &#8211; 761 20 20 01<br \/>CATARINA MIRANDA &#8211; 761 20 20 05<br \/>J\u00c9SSICA VIEIRA &#8211; 761 20 20 07\u00a0<br \/>VIRIATO QUINTELA &#8211; 761 20 20 13<\/p>\n<p><strong><a href=\"https:\/\/tvi.iol.pt\/bigbrother\/aominuto\" wbo-id=\"33\" rel=\"nofollow noopener\" target=\"_blank\">Acompanhe aqui tudo o se passa na casa mais vigiada do pa\u00eds!<\/a><\/strong><\/p>\n","protected":false},"excerpt":{"rendered":"No\u00a0Big Brother Ver\u00e3o, os concorrentes s\u00e3o chamados para uma nova din\u00e2mica em que est\u00e3o todos vestidos de peixeira.&hellip;\n","protected":false},"author":2,"featured_media":66186,"comment_status":"","ping_status":"","sticky":false,"template":"","format":"standard","meta":{"footnotes":""},"categories":[142],"tags":[331,48,329,333,328,335,336,114,115,334,332,330,13,32,33,151,162,227],"class_list":{"0":"post-66185","1":"post","2":"type-post","3":"status-publish","4":"format-standard","5":"has-post-thumbnail","7":"category-tv","8":"tag-big","9":"tag-big-brother","10":"tag-claudio-ramos","11":"tag-comentadores","12":"tag-concorrentes","13":"tag-confrontos","14":"tag-discussoes","15":"tag-entertainment","16":"tag-entretenimento","17":"tag-exclusivos","18":"tag-expulso","19":"tag-gala","20":"tag-noticias","21":"tag-portugal","22":"tag-pt","23":"tag-tv","24":"tag-tvi","25":"tag-videos"},"share_on_mastodon":{"url":"","error":""},"_links":{"self":[{"href":"https:\/\/www.europesays.com\/pt\/wp-json\/wp\/v2\/posts\/66185","targetHints":{"allow":["GET"]}}],"collection":[{"href":"https:\/\/www.europesays.com\/pt\/wp-json\/wp\/v2\/posts"}],"about":[{"href":"https:\/\/www.europesays.com\/pt\/wp-json\/wp\/v2\/types\/post"}],"author":[{"embeddable":true,"href":"https:\/\/www.europesays.com\/pt\/wp-json\/wp\/v2\/users\/2"}],"replies":[{"embeddable":true,"href":"https:\/\/www.europesays.com\/pt\/wp-json\/wp\/v2\/comments?post=66185"}],"version-history":[{"count":0,"href":"https:\/\/www.europesays.com\/pt\/wp-json\/wp\/v2\/posts\/66185\/revisions"}],"wp:featuredmedia":[{"embeddable":true,"href":"https:\/\/www.europesays.com\/pt\/wp-json\/wp\/v2\/media\/66186"}],"wp:attachment":[{"href":"https:\/\/www.europesays.com\/pt\/wp-json\/wp\/v2\/media?parent=66185"}],"wp:term":[{"taxonomy":"category","embeddable":true,"href":"https:\/\/www.europesays.com\/pt\/wp-json\/wp\/v2\/categories?post=66185"},{"taxonomy":"post_tag","embeddable":true,"href":"https:\/\/www.europesays.com\/pt\/wp-json\/wp\/v2\/tags?post=66185"}],"curies":[{"name":"wp","href":"https:\/\/api.w.org\/{rel}","templated":true}]}}