{"id":66187,"date":"2025-09-10T20:12:07","date_gmt":"2025-09-10T20:12:07","guid":{"rendered":"https:\/\/www.europesays.com\/pt\/66187\/"},"modified":"2025-09-10T20:12:07","modified_gmt":"2025-09-10T20:12:07","slug":"twisted-sister-anuncia-volta-com-turne-mundial-celebrando-50-anos-de-carreira","status":"publish","type":"post","link":"https:\/\/www.europesays.com\/pt\/66187\/","title":{"rendered":"Twisted Sister anuncia volta com turn\u00ea mundial celebrando 50 anos de carreira"},"content":{"rendered":"\n<p>O <strong><a href=\"https:\/\/igormiranda.com.br\/tag\/twisted-sister\/\" target=\"_blank\" rel=\"noreferrer noopener nofollow\">Twisted Sister<\/a><\/strong> est\u00e1 de volta para uma turn\u00ea em celebra\u00e7\u00e3o \u00e0s cinco d\u00e9cadas de funda\u00e7\u00e3o. O grupo criado em 1976 havia encerrado suas atividades em 2016, um ano ap\u00f3s a morte do baterista <strong>A.J. Pero<\/strong>.<\/p>\n<p>O instrumento ficar\u00e1 a cargo de <strong>Joey \u201cSeven\u201d Franco<\/strong>, integrante entre 1987 e 1988 e respons\u00e1vel por gravar o \u00e1lbum <strong>\u201cLove is for Suckers\u201d<\/strong> (1987). Nos compromissos imediatamente depois do falecimento de Pero, <strong>Mike Portnoy<\/strong> (<strong>Dream Theater<\/strong>) havia ficado a cargo de substitui-lo.<\/p>\n<p>&#8211; Advertisement &#8211;<\/p>\n<p>Dos remanescentes, h\u00e1 uma aus\u00eancia: <strong>Mark \u201cThe Animal\u201d Mendoza<\/strong> n\u00e3o est\u00e1 envolvido. O baixo ficar\u00e1 a cargo de <strong>Russell Pz\u00fctto<\/strong>, que j\u00e1 se apresentou com o Twisted Sister e foi membro de turn\u00eas solo do vocalista <strong>Dee Snider<\/strong>.<\/p>\n<p>N\u00e3o h\u00e1 agenda anunciada at\u00e9 o momento, mas a banda promete realizar shows em escala global. Em <a href=\"https:\/\/www.twistedsister.com\/news\/twisted-sister-returns-2026-twisted-forever-forever-twisted-566\" target=\"_blank\" rel=\"noreferrer noopener nofollow\">nota<\/a>, o guitarrista <strong>Jay Jay French<\/strong> declarou:<\/p>\n<p>\u201cDesde 2 de fevereiro de 1976, em um pequeno bar chamado The Turtleneck Inn em Hunter Mountain, Nova York, Dee Snider, Eddie Ojeda e eu nos chamamos Twisted Sister e permanecemos lado a lado por quase cinco d\u00e9cadas, passando por in\u00fameras mudan\u00e7as de pessoal e milhares de apresenta\u00e7\u00f5es. Temos orgulho de celebrar um marco que antes parecia impens\u00e1vel: um anivers\u00e1rio de 50 anos!! Criamos um legado musical e perform\u00e1tico que inspirou e continuar\u00e1 a inspirar milh\u00f5es de f\u00e3s ao redor do mundo. Twisted Forever, Forever Twisted!\u201d<\/p>\n<p>O guitarrista <strong>Eddie Ojeda<\/strong> acrescentou:<\/p>\n<p>\u201cCinquenta anos depois, Twisted Sister ainda \u00e9 a trilha sonora de todo rebelde com um motivo, e um motivo para aumentar o volume.\u201d<\/p>\n<p>O vocalista <strong>Dee Snider<\/strong> complementou:<\/p>\n<p>\u201cSe voc\u00ea tem a sorte de estar em uma banda que as pessoas ainda querem ver depois de cinquenta anos(!), como n\u00e3o atender ao chamado? Em 2026, o Twisted Fucking Sister subir\u00e1 aos palcos do mundo todo porque N\u00d3S AINDA QUEREMOS DETONAR!\u201d<\/p>\n<p><strong>Clique<\/strong> para seguir IgorMiranda.com.br no: <a href=\"https:\/\/instagram.com\/igormirandasite\" target=\"_blank\" rel=\"noreferrer noopener nofollow\">Instagram<\/a> | <a href=\"https:\/\/bsky.app\/profile\/igormirandasite.bsky.social\" target=\"_blank\" rel=\"noreferrer noopener nofollow\">Bluesky<\/a> | <a href=\"https:\/\/twitter.com\/igormirandasite\" target=\"_blank\" rel=\"noreferrer noopener nofollow\">Twitter<\/a> | <a href=\"https:\/\/tiktok.com\/@igormirandasite\" target=\"_blank\" rel=\"noreferrer noopener nofollow\">TikTok<\/a> | <a href=\"https:\/\/facebook.com\/igormirandasite\" target=\"_blank\" rel=\"noreferrer noopener nofollow\">Facebook<\/a> | <a href=\"https:\/\/www.youtube.com\/igormirandasite\" target=\"_blank\" rel=\"noreferrer noopener nofollow\">YouTube<\/a> | <a href=\"https:\/\/www.threads.net\/@igormirandasite\" target=\"_blank\" rel=\"noreferrer noopener nofollow\">Threads<\/a>.<\/p>\n<p> <script async src=\"https:\/\/platform.twitter.com\/widgets.js\" charset=\"utf-8\"><\/script><script async src=\"\/\/www.instagram.com\/embed.js\"><\/script><script async src=\"\/\/www.tiktok.com\/embed.js\"><\/script><\/p>\n","protected":false},"excerpt":{"rendered":"O Twisted Sister est\u00e1 de volta para uma turn\u00ea em celebra\u00e7\u00e3o \u00e0s cinco d\u00e9cadas de funda\u00e7\u00e3o. O grupo&hellip;\n","protected":false},"author":2,"featured_media":66188,"comment_status":"","ping_status":"","sticky":false,"template":"","format":"standard","meta":{"footnotes":""},"categories":[141],"tags":[114,115,149,150,32,33,18155],"class_list":{"0":"post-66187","1":"post","2":"type-post","3":"status-publish","4":"format-standard","5":"has-post-thumbnail","7":"category-musica","8":"tag-entertainment","9":"tag-entretenimento","10":"tag-music","11":"tag-musica","12":"tag-portugal","13":"tag-pt","14":"tag-twisted-sister"},"share_on_mastodon":{"url":"","error":""},"_links":{"self":[{"href":"https:\/\/www.europesays.com\/pt\/wp-json\/wp\/v2\/posts\/66187","targetHints":{"allow":["GET"]}}],"collection":[{"href":"https:\/\/www.europesays.com\/pt\/wp-json\/wp\/v2\/posts"}],"about":[{"href":"https:\/\/www.europesays.com\/pt\/wp-json\/wp\/v2\/types\/post"}],"author":[{"embeddable":true,"href":"https:\/\/www.europesays.com\/pt\/wp-json\/wp\/v2\/users\/2"}],"replies":[{"embeddable":true,"href":"https:\/\/www.europesays.com\/pt\/wp-json\/wp\/v2\/comments?post=66187"}],"version-history":[{"count":0,"href":"https:\/\/www.europesays.com\/pt\/wp-json\/wp\/v2\/posts\/66187\/revisions"}],"wp:featuredmedia":[{"embeddable":true,"href":"https:\/\/www.europesays.com\/pt\/wp-json\/wp\/v2\/media\/66188"}],"wp:attachment":[{"href":"https:\/\/www.europesays.com\/pt\/wp-json\/wp\/v2\/media?parent=66187"}],"wp:term":[{"taxonomy":"category","embeddable":true,"href":"https:\/\/www.europesays.com\/pt\/wp-json\/wp\/v2\/categories?post=66187"},{"taxonomy":"post_tag","embeddable":true,"href":"https:\/\/www.europesays.com\/pt\/wp-json\/wp\/v2\/tags?post=66187"}],"curies":[{"name":"wp","href":"https:\/\/api.w.org\/{rel}","templated":true}]}}