{"id":66191,"date":"2025-09-10T20:14:11","date_gmt":"2025-09-10T20:14:11","guid":{"rendered":"https:\/\/www.europesays.com\/pt\/66191\/"},"modified":"2025-09-10T20:14:11","modified_gmt":"2025-09-10T20:14:11","slug":"ja-nao-ha-treinadores-portugueses-as-ordens-de-evangelos-marinakis","status":"publish","type":"post","link":"https:\/\/www.europesays.com\/pt\/66191\/","title":{"rendered":"j\u00e1 n\u00e3o h\u00e1 treinadores portugueses \u00e0s ordens de Evangelos Marinakis"},"content":{"rendered":"<p><strong>Evangelos Marinakis j\u00e1 contratou alguns t\u00e9cnicos portugueses para os seus clubes, mas recentemente despediu Nuno Esp\u00edrito Santo.<\/strong><\/p>\n<p>Nuno Esp\u00edrito Santo <a href=\"https:\/\/bolanarede.pt\/especial-bola-na-rede\/atualidade\/nuno-espirito-santo-despedido-do-nottingham-forest-eis-os-numeros-da-passagem-de-sucesso-pelo-clube\/\" target=\"_blank\" rel=\"noreferrer noopener nofollow\">foi a mais recente \u2018v\u00edtima\u2019 de Evangelos Marinakis<\/a>. O t\u00e9cnico portugu\u00eas foi demitido do comando t\u00e9cnico do Nottingham Forest, com Ange Postecoglou a ser eleito como o seu sucessor.<\/p>\n<p>O dirigente grego est\u00e1 habituado a contratar treinadores portugueses, mas neste momento nenhum dos seus clubes conta com um luso. No Olympiacos, Jos\u00e9 Luis Mendilibar est\u00e1 no posto desde 2023\/24 e o espanhol encontra-se seguro no cargo.<\/p>\n<p>J\u00e1 no Rio Ave, Petit saiu no final da temporada e deu lugar a um grego. Sotiris Silaidopoulos \u00e9 aposta de Evangelos Marinaikis, conseguindo a sua primeira oportunidade no futebol s\u00e9nior.<\/p>\n<p><strong>Eis os treinadores dos clubes liderados por Evangelos Marinakis:<\/strong><\/p>\n<ul class=\"wp-block-list\">\n<li>Olympiacos: Jos\u00e9 Luis Mendilibar<\/li>\n<li>Nottingham Forest: Ange Postecoglou<\/li>\n<li>Rio Ave: Sotiris Silaidopoulos<\/li>\n<\/ul>\n","protected":false},"excerpt":{"rendered":"Evangelos Marinakis j\u00e1 contratou alguns t\u00e9cnicos portugueses para os seus clubes, mas recentemente despediu Nuno Esp\u00edrito Santo. Nuno&hellip;\n","protected":false},"author":2,"featured_media":64037,"comment_status":"","ping_status":"","sticky":false,"template":"","format":"standard","meta":{"footnotes":""},"categories":[87],"tags":[260,135,1527,12179,32,666,33,134],"class_list":{"0":"post-66191","1":"post","2":"type-post","3":"status-publish","4":"format-standard","5":"has-post-thumbnail","7":"category-desporto","8":"tag-atualidade","9":"tag-desporto","10":"tag-nottingham-forest","11":"tag-nuno-espirito-santo","12":"tag-portugal","13":"tag-premier-league","14":"tag-pt","15":"tag-sports"},"share_on_mastodon":{"url":"","error":""},"_links":{"self":[{"href":"https:\/\/www.europesays.com\/pt\/wp-json\/wp\/v2\/posts\/66191","targetHints":{"allow":["GET"]}}],"collection":[{"href":"https:\/\/www.europesays.com\/pt\/wp-json\/wp\/v2\/posts"}],"about":[{"href":"https:\/\/www.europesays.com\/pt\/wp-json\/wp\/v2\/types\/post"}],"author":[{"embeddable":true,"href":"https:\/\/www.europesays.com\/pt\/wp-json\/wp\/v2\/users\/2"}],"replies":[{"embeddable":true,"href":"https:\/\/www.europesays.com\/pt\/wp-json\/wp\/v2\/comments?post=66191"}],"version-history":[{"count":0,"href":"https:\/\/www.europesays.com\/pt\/wp-json\/wp\/v2\/posts\/66191\/revisions"}],"wp:featuredmedia":[{"embeddable":true,"href":"https:\/\/www.europesays.com\/pt\/wp-json\/wp\/v2\/media\/64037"}],"wp:attachment":[{"href":"https:\/\/www.europesays.com\/pt\/wp-json\/wp\/v2\/media?parent=66191"}],"wp:term":[{"taxonomy":"category","embeddable":true,"href":"https:\/\/www.europesays.com\/pt\/wp-json\/wp\/v2\/categories?post=66191"},{"taxonomy":"post_tag","embeddable":true,"href":"https:\/\/www.europesays.com\/pt\/wp-json\/wp\/v2\/tags?post=66191"}],"curies":[{"name":"wp","href":"https:\/\/api.w.org\/{rel}","templated":true}]}}