{"id":66194,"date":"2025-09-10T20:16:07","date_gmt":"2025-09-10T20:16:07","guid":{"rendered":"https:\/\/www.europesays.com\/pt\/66194\/"},"modified":"2025-09-10T20:16:07","modified_gmt":"2025-09-10T20:16:07","slug":"lefties-tem-um-vestido-de-aspeto-premium-que-a-vai-fazer-tirar-as-botas-do-armario-nit","status":"publish","type":"post","link":"https:\/\/www.europesays.com\/pt\/66194\/","title":{"rendered":"Lefties tem um vestido de aspeto premium que a vai fazer tirar as botas do arm\u00e1rio \u2014 NiT"},"content":{"rendered":"<p>Est\u00e1 a chegar uma das melhores alturas do ano para acrescentar vestidos de malha ao arm\u00e1rio. Adorados nos anos 90, estas propostas s\u00e3o uma das melhores op\u00e7\u00f5es para a meia esta\u00e7\u00e3o \u2014 quando ningu\u00e9m sabe o que vestir \u2014 para criar looks elegantes e, mais importante ainda, confort\u00e1veis.<\/p>\n<p>A textura suave ao toque, que foi protagonista nos desfiles de outono-inverno 2025, destacando-se nas apresenta\u00e7\u00f5es de marcas como Balmain, Chanel, Courr\u00e8ges ou Elisabetta Franchi, chega agora \u00e0 fast fashion. Eis o novo modelo vers\u00e1til e intemporal da Lefties.<\/p>\n<p><img decoding=\"async\" loading=\"lazy\" class=\" wp-image-1503330\" src=\"https:\/\/www.europesays.com\/pt\/wp-content\/uploads\/2025\/09\/6fa77f13f4f73c61eccb34569eea1d12.jpg\" alt=\"\" width=\"617\" height=\"925\"  \/>Custa 19,99\u20ac.<\/p>\n<p>O bord\u00f4 vai continuar em alta neste outono. Confecionado num tecido c\u00f3modo, o design conta com um corte midi e relaxado. Conta com manga comprida e ligeiramente folgada, bem como um decote redondo. Al\u00e9m disso, devido ao comprimento, pode conjug\u00e1-lo com o seu par de botas favorito.<\/p>\n<p>Se n\u00e3o gosta de botas, tamb\u00e9m pode resultar com mocassins ou sapatos com tac\u00e3o. No caso de um look mais sofisticado, a adi\u00e7\u00e3o de um cinto pode ajudar a afinar ainda mais a cintura e um sobretudo fica sempre bem.<\/p>\n<p>O vestido custa 19,99\u20ac no <a href=\"https:\/\/www.lefties.com\/pt\/mulher\/roupa\/vestidos-%7C-macac%C3%B5es\/vestido-midi-de-malha-c1030267514p701174744.html?colorId=605&amp;style=01&amp;parentId=717312108\" target=\"_blank\" rel=\"nofollow noopener\">site<\/a> da Lefties e est\u00e1 dispon\u00edvel em tr\u00eas cores. Pode compr\u00e1-lo entre os tamanhos XS e XL.<\/p>\n<p>Carregue na galeria para ver a sele\u00e7\u00e3o da NiT com algumas novidades da Lefties para os pr\u00f3ximos tempos (a partir de 4,99\u20ac).<\/p>\n","protected":false},"excerpt":{"rendered":"Est\u00e1 a chegar uma das melhores alturas do ano para acrescentar vestidos de malha ao arm\u00e1rio. Adorados nos&hellip;\n","protected":false},"author":2,"featured_media":66195,"comment_status":"","ping_status":"","sticky":false,"template":"","format":"standard","meta":{"footnotes":""},"categories":[85],"tags":[114,115,32,33],"class_list":{"0":"post-66194","1":"post","2":"type-post","3":"status-publish","4":"format-standard","5":"has-post-thumbnail","7":"category-entretenimento","8":"tag-entertainment","9":"tag-entretenimento","10":"tag-portugal","11":"tag-pt"},"share_on_mastodon":{"url":"","error":""},"_links":{"self":[{"href":"https:\/\/www.europesays.com\/pt\/wp-json\/wp\/v2\/posts\/66194","targetHints":{"allow":["GET"]}}],"collection":[{"href":"https:\/\/www.europesays.com\/pt\/wp-json\/wp\/v2\/posts"}],"about":[{"href":"https:\/\/www.europesays.com\/pt\/wp-json\/wp\/v2\/types\/post"}],"author":[{"embeddable":true,"href":"https:\/\/www.europesays.com\/pt\/wp-json\/wp\/v2\/users\/2"}],"replies":[{"embeddable":true,"href":"https:\/\/www.europesays.com\/pt\/wp-json\/wp\/v2\/comments?post=66194"}],"version-history":[{"count":0,"href":"https:\/\/www.europesays.com\/pt\/wp-json\/wp\/v2\/posts\/66194\/revisions"}],"wp:featuredmedia":[{"embeddable":true,"href":"https:\/\/www.europesays.com\/pt\/wp-json\/wp\/v2\/media\/66195"}],"wp:attachment":[{"href":"https:\/\/www.europesays.com\/pt\/wp-json\/wp\/v2\/media?parent=66194"}],"wp:term":[{"taxonomy":"category","embeddable":true,"href":"https:\/\/www.europesays.com\/pt\/wp-json\/wp\/v2\/categories?post=66194"},{"taxonomy":"post_tag","embeddable":true,"href":"https:\/\/www.europesays.com\/pt\/wp-json\/wp\/v2\/tags?post=66194"}],"curies":[{"name":"wp","href":"https:\/\/api.w.org\/{rel}","templated":true}]}}