{"id":66198,"date":"2025-09-10T20:21:09","date_gmt":"2025-09-10T20:21:09","guid":{"rendered":"https:\/\/www.europesays.com\/pt\/66198\/"},"modified":"2025-09-10T20:21:09","modified_gmt":"2025-09-10T20:21:09","slug":"confirmo-ha-um-contrato-a-espera-de-bernardo-silva-para-o-benfica-e-nao-vamos-parar-por-aqui","status":"publish","type":"post","link":"https:\/\/www.europesays.com\/pt\/66198\/","title":{"rendered":"\u00abConfirmo: h\u00e1 um contrato \u00e0 espera de Bernardo Silva para o Benfica. E n\u00e3o vamos parar por aqui\u00bb"},"content":{"rendered":"<p>Jo\u00e3o Noronha Lopes, candidato a presidente do <a target=\"_blank\" class=\"editor-link autolink-enabled\" href=\"https:\/\/www.abola.pt\/futebol\/benfica-450\" data-resource-id=\"450\" data-resource-type=\"team\" data-sport=\"football\" rel=\"nofollow noopener\">Benfica<\/a> nas elei\u00e7\u00f5es de 25 de outubro, confirma a A BOLA que est\u00e1 a trabalhar para fazer regressar <a target=\"_blank\" class=\"editor-link autolink-enabled\" href=\"https:\/\/www.abola.pt\/futebol\/jogador\/bernardo-silva-5566\" data-resource-id=\"5566\" data-resource-type=\"player\" data-sport=\"football\" rel=\"nofollow noopener\">Bernardo Silva<\/a> ao <a target=\"_blank\" class=\"editor-link autolink-enabled\" href=\"https:\/\/www.abola.pt\/futebol\/benfica-450\" data-resource-id=\"450\" data-resource-type=\"team\" data-sport=\"football\" rel=\"nofollow noopener\">Benfica<\/a>, em janeiro ou no pr\u00f3ximo ver\u00e3o, mas, garante, com foco j\u00e1 para  o in\u00edcio do ano.<\/p>\n<p>\u00abSim, confirmo que h\u00e1 um contrato \u00e0 espera de <a target=\"_blank\" class=\"editor-link autolink-enabled\" href=\"https:\/\/www.abola.pt\/futebol\/jogador\/bernardo-silva-5566\" data-resource-id=\"5566\" data-resource-type=\"player\" data-sport=\"football\" rel=\"nofollow noopener\">Bernardo Silva<\/a>. E quero muito trazer o Bernardo j\u00e1 em janeiro. Personifica tudo aquilo que eu quero para o <a target=\"_blank\" class=\"editor-link autolink-enabled\" href=\"https:\/\/www.abola.pt\/futebol\/benfica-450\" data-resource-id=\"450\" data-resource-type=\"team\" data-sport=\"football\" rel=\"nofollow noopener\">Benfica<\/a>. Identidade, cultura de vit\u00f3ria e \u00e9 um grande benfiquista. E posso garantir-lhe que n\u00e3o vamos parar por aqui\u00bb, esclareceu o l\u00edder da lista <a target=\"_blank\" class=\"editor-link autolink-enabled\" href=\"https:\/\/www.abola.pt\/futebol\/benfica-450\" data-resource-id=\"450\" data-resource-type=\"team\" data-sport=\"football\" rel=\"nofollow noopener\">Benfica<\/a> Acima de Tudo.<\/p>\n<p>Tal como adiantou o jornalista Pedro Sousa no Canal Now, e confirmou A BOLA, Jo\u00e3o Noronha Lopes tem um contrato \u00e0 espera para transferir <a target=\"_blank\" class=\"editor-link autolink-enabled\" href=\"https:\/\/www.abola.pt\/futebol\/jogador\/bernardo-silva-5566\" data-resource-id=\"5566\" data-resource-type=\"player\" data-sport=\"football\" rel=\"nofollow noopener\">Bernardo Silva<\/a>, se vencer as elei\u00e7\u00f5es para os \u00f3rg\u00e3os sociais das \u00e1guias. Tentar\u00e1 convencer o <a target=\"_blank\" class=\"editor-link autolink-enabled\" href=\"https:\/\/www.abola.pt\/futebol\/manchester-city-104\" data-resource-id=\"104\" data-resource-type=\"team\" data-sport=\"football\" rel=\"nofollow noopener\">Manchester City<\/a> a libertar o jogador em janeiro, recebendo o clube ingl\u00eas algum dinheiro, ou, em alternativa, esperar por <a target=\"_blank\" class=\"editor-link autolink-enabled\" href=\"https:\/\/www.abola.pt\/futebol\/jogador\/bernardo-silva-5566\" data-resource-id=\"5566\" data-resource-type=\"player\" data-sport=\"football\" rel=\"nofollow noopener\">Bernardo Silva<\/a> at\u00e9 ao ver\u00e3o, altura em que o m\u00e9dio internacional portugu\u00eas, de 31 anos, finaliza contrato.<\/p>\n","protected":false},"excerpt":{"rendered":"Jo\u00e3o Noronha Lopes, candidato a presidente do Benfica nas elei\u00e7\u00f5es de 25 de outubro, confirma a A BOLA&hellip;\n","protected":false},"author":2,"featured_media":66199,"comment_status":"","ping_status":"","sticky":false,"template":"","format":"standard","meta":{"footnotes":""},"categories":[8],"tags":[27,28,15,16,14,25,26,21,22,12,13,19,20,32,23,24,33,17,18,29,30,31],"class_list":{"0":"post-66198","1":"post","2":"type-post","3":"status-publish","4":"format-standard","5":"has-post-thumbnail","7":"category-principais-noticias","8":"tag-breaking-news","9":"tag-breakingnews","10":"tag-featured-news","11":"tag-featurednews","12":"tag-headlines","13":"tag-latest-news","14":"tag-latestnews","15":"tag-main-news","16":"tag-mainnews","17":"tag-news","18":"tag-noticias","19":"tag-noticias-principais","20":"tag-noticiasprincipais","21":"tag-portugal","22":"tag-principais-noticias","23":"tag-principaisnoticias","24":"tag-pt","25":"tag-top-stories","26":"tag-topstories","27":"tag-ultimas","28":"tag-ultimas-noticias","29":"tag-ultimasnoticias"},"share_on_mastodon":{"url":"","error":""},"_links":{"self":[{"href":"https:\/\/www.europesays.com\/pt\/wp-json\/wp\/v2\/posts\/66198","targetHints":{"allow":["GET"]}}],"collection":[{"href":"https:\/\/www.europesays.com\/pt\/wp-json\/wp\/v2\/posts"}],"about":[{"href":"https:\/\/www.europesays.com\/pt\/wp-json\/wp\/v2\/types\/post"}],"author":[{"embeddable":true,"href":"https:\/\/www.europesays.com\/pt\/wp-json\/wp\/v2\/users\/2"}],"replies":[{"embeddable":true,"href":"https:\/\/www.europesays.com\/pt\/wp-json\/wp\/v2\/comments?post=66198"}],"version-history":[{"count":0,"href":"https:\/\/www.europesays.com\/pt\/wp-json\/wp\/v2\/posts\/66198\/revisions"}],"wp:featuredmedia":[{"embeddable":true,"href":"https:\/\/www.europesays.com\/pt\/wp-json\/wp\/v2\/media\/66199"}],"wp:attachment":[{"href":"https:\/\/www.europesays.com\/pt\/wp-json\/wp\/v2\/media?parent=66198"}],"wp:term":[{"taxonomy":"category","embeddable":true,"href":"https:\/\/www.europesays.com\/pt\/wp-json\/wp\/v2\/categories?post=66198"},{"taxonomy":"post_tag","embeddable":true,"href":"https:\/\/www.europesays.com\/pt\/wp-json\/wp\/v2\/tags?post=66198"}],"curies":[{"name":"wp","href":"https:\/\/api.w.org\/{rel}","templated":true}]}}