{"id":66200,"date":"2025-09-10T20:22:11","date_gmt":"2025-09-10T20:22:11","guid":{"rendered":"https:\/\/www.europesays.com\/pt\/66200\/"},"modified":"2025-09-10T20:22:11","modified_gmt":"2025-09-10T20:22:11","slug":"perfil-de-iza-e-invadido-por-fas-apos-nova-polemica-de-yuri-lima","status":"publish","type":"post","link":"https:\/\/www.europesays.com\/pt\/66200\/","title":{"rendered":"Perfil de Iza \u00e9 &#8216;invadido&#8217; por f\u00e3s\u00a0ap\u00f3s nova pol\u00eamica de\u00a0Yuri Lima"},"content":{"rendered":"<p id=\"paragrafo-k1atsq34s4\">\nV\u00e1rios internautas deixaram coment\u00e1rios no Instagram da artista sobre\u00a0a situa\u00e7\u00e3o, inclusive dando conselhos e questionando seu empoderamento.\u00a0&#8220;\u00d4, Iza, tu t\u00e3o linda, mulher. Deixa esse macho v\u00e9i podi (sic), senhor&#8221;, disse uma pessoa. &#8220;Eu s\u00f3 digo uma coisa: fez aquele au\u00ea todo e, no final, ficou com o cara e [disse] que ningu\u00e9m tinha nada a ver com a vida dela kkkk&#8221;, criticou mais uma. &#8220;Esse empoderamento tu pegou e meteu aonde, hein????\u201d, questionou outra.&gt;\n<\/p>\n<p id=\"paragrafo-5buqdyr9s2\">\nAdrielly tem 22 anos, \u00e9 carioca e trabalha em uma cl\u00ednica de est\u00e9tica. Ela soma\u00a0mais de 15 mil seguidores em seu perfil no Instagram, onde\u00a0costuma registrar viagens internacionais para cidades como Liverpool, Manchester e Nottingham, al\u00e9m de destinos no Brasil, como S\u00e3o Paulo e Santa Catarina. Ela tamb\u00e9m compartilha treinos de academia e pr\u00e1ticas de lutas.&gt;\n<\/p>\n<p id=\"paragrafo-exq1jtxmaz\">\nA imagem republicada por Yuri era de 2024. Ap\u00f3s a repercuss\u00e3o, Adrielly se manifestou em v\u00eddeo e afirmou n\u00e3o conhecer o ex-jogador. \u201cProvavelmente ele compartilhou a minha foto porque estavam todos comentando \u2018Iza\u2019 nessa publica\u00e7\u00e3o. Essa foto \u00e9 antiga e n\u00e3o tenho rela\u00e7\u00e3o nenhuma com ele\u201d, disse. &gt;<\/p>\n","protected":false},"excerpt":{"rendered":"V\u00e1rios internautas deixaram coment\u00e1rios no Instagram da artista sobre\u00a0a situa\u00e7\u00e3o, inclusive dando conselhos e questionando seu empoderamento.\u00a0&#8220;\u00d4, Iza,&hellip;\n","protected":false},"author":2,"featured_media":66201,"comment_status":"","ping_status":"","sticky":false,"template":"","format":"standard","meta":{"footnotes":""},"categories":[145],"tags":[211,210,114,115,32,33],"class_list":{"0":"post-66200","1":"post","2":"type-post","3":"status-publish","4":"format-standard","5":"has-post-thumbnail","7":"category-celebridades","8":"tag-celebridades","9":"tag-celebrities","10":"tag-entertainment","11":"tag-entretenimento","12":"tag-portugal","13":"tag-pt"},"share_on_mastodon":{"url":"","error":""},"_links":{"self":[{"href":"https:\/\/www.europesays.com\/pt\/wp-json\/wp\/v2\/posts\/66200","targetHints":{"allow":["GET"]}}],"collection":[{"href":"https:\/\/www.europesays.com\/pt\/wp-json\/wp\/v2\/posts"}],"about":[{"href":"https:\/\/www.europesays.com\/pt\/wp-json\/wp\/v2\/types\/post"}],"author":[{"embeddable":true,"href":"https:\/\/www.europesays.com\/pt\/wp-json\/wp\/v2\/users\/2"}],"replies":[{"embeddable":true,"href":"https:\/\/www.europesays.com\/pt\/wp-json\/wp\/v2\/comments?post=66200"}],"version-history":[{"count":0,"href":"https:\/\/www.europesays.com\/pt\/wp-json\/wp\/v2\/posts\/66200\/revisions"}],"wp:featuredmedia":[{"embeddable":true,"href":"https:\/\/www.europesays.com\/pt\/wp-json\/wp\/v2\/media\/66201"}],"wp:attachment":[{"href":"https:\/\/www.europesays.com\/pt\/wp-json\/wp\/v2\/media?parent=66200"}],"wp:term":[{"taxonomy":"category","embeddable":true,"href":"https:\/\/www.europesays.com\/pt\/wp-json\/wp\/v2\/categories?post=66200"},{"taxonomy":"post_tag","embeddable":true,"href":"https:\/\/www.europesays.com\/pt\/wp-json\/wp\/v2\/tags?post=66200"}],"curies":[{"name":"wp","href":"https:\/\/api.w.org\/{rel}","templated":true}]}}