{"id":66204,"date":"2025-09-10T20:28:10","date_gmt":"2025-09-10T20:28:10","guid":{"rendered":"https:\/\/www.europesays.com\/pt\/66204\/"},"modified":"2025-09-10T20:28:10","modified_gmt":"2025-09-10T20:28:10","slug":"bad-religion-e-bruce-dickinson-se-reencontram-no-the-town","status":"publish","type":"post","link":"https:\/\/www.europesays.com\/pt\/66204\/","title":{"rendered":"Bad Religion e Bruce Dickinson se reencontram no The Town"},"content":{"rendered":"<p>\u00c9 poss\u00edvel encontrar com facilidade online uma foto de <a href=\"https:\/\/whiplash.net\/bandas\/b\/brucedickinson.html\" class=\"hotwords\" rel=\"nofollow noopener\" target=\"_blank\">Bruce Dickinson<\/a> com o <a href=\"https:\/\/whiplash.net\/bandas\/b\/badreligion.html\" class=\"hotwords\" rel=\"nofollow noopener\" target=\"_blank\">Bad Religion<\/a> em 1994. Trinta anos depois, temos mais um registro, feito no \u00faltimo domingo durante encontro em S\u00e3o Paulo. Na data em quest\u00e3o, o vocalista do <a href=\"https:\/\/whiplash.net\/bandas\/i\/ironmaiden.html\" class=\"hotwords\" rel=\"nofollow noopener\" target=\"_blank\">Iron Maiden<\/a> e a banda punk foram atra\u00e7\u00f5es do festival The Town.<\/p>\n<p>O baixista Jay Bentley publicou um foto no Instagram, onde o cantor brit\u00e2nico aparece entre ele e seu colega de banda, o frontman Greg Graffin. O texto inda trouxe men\u00e7\u00f5es a \u00e1lbuns do Mot\u00f6rhead e de <a href=\"https:\/\/whiplash.net\/bandas\/o\/ozzyosbourne.html\" class=\"hotwords\" rel=\"nofollow noopener\" target=\"_blank\">Ozzy Osbourne<\/a>, al\u00e9m da Donzela de Ferro.<\/p>\n<p><a href=\"https:\/\/whiplash.net\/bandas\/b\/badreligion.html\" class=\"linkBotao\" rel=\"nofollow noopener\" target=\"_blank\">Bad Religion &#8211; Mais Novidades<\/a><\/p>\n<p>CONTINUA DEPOIS DA PUBLICIDADE &#8211; CLI<\/p>\n<p>&#13;<br \/>\n&#13;<br \/>\n&#13;<br \/>\n&#13;<br \/>\n&#13;<br \/>\n&#13;<br \/>\n&#13;<br \/>\n&#13;<br \/>\n<a href=\"https:\/\/whiplash.net\/materias\/whiplash\/027002.html\" rel=\"nofollow noopener\" target=\"_blank\"><img decoding=\"async\" src=\"https:\/\/www.europesays.com\/pt\/wp-content\/uploads\/2025\/09\/1757351769_516_anunciar_diabo_336x280.gif\" loading=\"lazy\" width=\"336\" height=\"280\" class=\"widthConstrained\" style=\"background-color:#000000;display:block;\" alt=\"Anunciar bandas e shows de Rock e Heavy Metal\"\/><\/a>&#13;<\/p>\n<p>&#8220;Algo sobre o qual muita gente n\u00e3o fala na nossa hist\u00f3ria s\u00e3o as bandas que ouv\u00edamos no in\u00edcio dos anos 80 FORA do nosso c\u00edrculo punk rock. A maioria dos caras que eu conhecia em bandas ouvia esses tr\u00eas \u00e1lbuns de metal religiosamente: \u2018Ace of Spades\u2019, \u2018Blizzard of Ozz\u2019 e \u2018The Number of the Beast\u2019. \u00c9 sempre um prazer encontrar um cavalheiro <a href=\"https:\/\/whiplash.net\/bandas\/b\/brucedickinson.html\" class=\"hotwords\" rel=\"nofollow noopener\" target=\"_blank\">Bruce Dickinson<\/a>.&#8221;<\/p>\n<p><a target=\"_blank\" href=\"https:\/\/www.europesays.com\/pt\/wp-content\/uploads\/2025\/09\/badreligion_epitaph_records.jpg\"><img loading=\"lazy\" decoding=\"async\" src=\"https:\/\/www.europesays.com\/pt\/wp-content\/uploads\/2025\/09\/badreligion_epitaph_records.jpg\" class=\"widthConstrained\" width=\"700\" height=\"489\" alt=\"Foto: Epitaph Records\"\/><\/a>Foto: Epitaph Records<\/p>\n<p>O dia 7 de setembro ainda contou com shows de <a href=\"https:\/\/whiplash.net\/bandas\/g\/greenday.html\" class=\"hotwords\" rel=\"nofollow noopener\" target=\"_blank\">Green Day<\/a>, <a href=\"https:\/\/whiplash.net\/bandas\/i\/iggypop.html\" class=\"hotwords\" rel=\"nofollow noopener\" target=\"_blank\">Iggy Pop<\/a>, <a href=\"https:\/\/whiplash.net\/bandas\/p\/pitty.html\" class=\"hotwords\" rel=\"nofollow noopener\" target=\"_blank\">Pitty<\/a>, <a href=\"https:\/\/whiplash.net\/bandas\/c\/cpm22.html\" class=\"hotwords\" rel=\"nofollow noopener\" target=\"_blank\">CPM 22<\/a>, <a href=\"https:\/\/whiplash.net\/bandas\/c\/capitalinicial.html\" class=\"hotwords\" rel=\"nofollow noopener\" target=\"_blank\">Capital Inicial<\/a> e Supla &amp; Inocentes nos palcos principais. Mais atra\u00e7\u00f5es se apresentaram em outros espa\u00e7os da estrutura montada no Aut\u00f3dromo de Interlagos.<\/p>\n<p>CONTINUA DEPOIS DA PUBLICIDADE &#8211; GOO<\/p>\n<p>&#13;<br \/>\n&#13;<br \/>\n&#13;<br \/>\n&#13;<br \/>\n<a href=\"https:\/\/whiplash.net\/materias\/whiplash\/027002.html\" rel=\"nofollow noopener\" target=\"_blank\"><img decoding=\"async\" src=\"https:\/\/www.europesays.com\/pt\/wp-content\/uploads\/2025\/09\/1757351769_516_anunciar_diabo_336x280.gif\" loading=\"lazy\" width=\"336\" height=\"280\" alt=\"Anunciar no Whiplash.Net\"\/><\/a>&#13;<br \/>\n&#13;<br \/>\n&#13;<br \/>\n&#13;<br \/>\n&#13;<br \/>\n&#13;<br \/>\n<a href=\"https:\/\/whiplash.net\/materias\/whiplash\/027002.html\" rel=\"nofollow noopener\" target=\"_blank\"><img decoding=\"async\" src=\"https:\/\/www.europesays.com\/pt\/wp-content\/uploads\/2025\/09\/1757351769_516_anunciar_diabo_336x280.gif\" loading=\"lazy\" width=\"336\" height=\"280\" class=\"widthConstrained\" style=\"background-color:#000000;display:block;\" alt=\"Anunciar bandas e shows de Rock e Heavy Metal\"\/><\/a>&#13;<\/p>\n","protected":false},"excerpt":{"rendered":"\u00c9 poss\u00edvel encontrar com facilidade online uma foto de Bruce Dickinson com o Bad Religion em 1994. Trinta&hellip;\n","protected":false},"author":2,"featured_media":66205,"comment_status":"","ping_status":"","sticky":false,"template":"","format":"standard","meta":{"footnotes":""},"categories":[141],"tags":[114,115,149,150,32,33],"class_list":{"0":"post-66204","1":"post","2":"type-post","3":"status-publish","4":"format-standard","5":"has-post-thumbnail","7":"category-musica","8":"tag-entertainment","9":"tag-entretenimento","10":"tag-music","11":"tag-musica","12":"tag-portugal","13":"tag-pt"},"share_on_mastodon":{"url":"","error":""},"_links":{"self":[{"href":"https:\/\/www.europesays.com\/pt\/wp-json\/wp\/v2\/posts\/66204","targetHints":{"allow":["GET"]}}],"collection":[{"href":"https:\/\/www.europesays.com\/pt\/wp-json\/wp\/v2\/posts"}],"about":[{"href":"https:\/\/www.europesays.com\/pt\/wp-json\/wp\/v2\/types\/post"}],"author":[{"embeddable":true,"href":"https:\/\/www.europesays.com\/pt\/wp-json\/wp\/v2\/users\/2"}],"replies":[{"embeddable":true,"href":"https:\/\/www.europesays.com\/pt\/wp-json\/wp\/v2\/comments?post=66204"}],"version-history":[{"count":0,"href":"https:\/\/www.europesays.com\/pt\/wp-json\/wp\/v2\/posts\/66204\/revisions"}],"wp:featuredmedia":[{"embeddable":true,"href":"https:\/\/www.europesays.com\/pt\/wp-json\/wp\/v2\/media\/66205"}],"wp:attachment":[{"href":"https:\/\/www.europesays.com\/pt\/wp-json\/wp\/v2\/media?parent=66204"}],"wp:term":[{"taxonomy":"category","embeddable":true,"href":"https:\/\/www.europesays.com\/pt\/wp-json\/wp\/v2\/categories?post=66204"},{"taxonomy":"post_tag","embeddable":true,"href":"https:\/\/www.europesays.com\/pt\/wp-json\/wp\/v2\/tags?post=66204"}],"curies":[{"name":"wp","href":"https:\/\/api.w.org\/{rel}","templated":true}]}}