{"id":66212,"date":"2025-09-10T20:32:08","date_gmt":"2025-09-10T20:32:08","guid":{"rendered":"https:\/\/www.europesays.com\/pt\/66212\/"},"modified":"2025-09-10T20:32:08","modified_gmt":"2025-09-10T20:32:08","slug":"antonio-capelo-bloco-afasta-se-pizarro-nao-comenta-observador","status":"publish","type":"post","link":"https:\/\/www.europesays.com\/pt\/66212\/","title":{"rendered":"Ant\u00f3nio Capelo: Bloco afasta-se, Pizarro n\u00e3o comenta &#8211; Observador"},"content":{"rendered":"<ol>\n<li><a href=\"https:\/\/news.google.com\/rss\/articles\/CBMi_gFBVV95cUxNX1pqVzJzekN1Qkw5R0dGRlpkSEVoNHFyZW1Xc3cwNzlOSlNKWVJ0cFRReEI0SkUwNF82QnlWbXhPenhjVHpyUVYtTEc1dzU0Zy1UR2Q0QWxsUEh5S0lVQUpvcm9TN3dWQjRvYWhGVHZuYVRtd0VoNFpoQlJHTzQxNlBPRUs3ZlV1Tk1aOFVGcXp1Y3FnUjNNV21aZTNKMk5KeWZ5aUFCUGNha0l1TU9KMHBPVk5QRi1zS0Y4NWJ6d0J6Yjl0X2FkVS1CUlhrNF91bXVkeHNxUFprS1R6OTJNQnhrUm93VXhTTmZ3Ql9LWEV2aG5nZ2d6ZlpIcTk5dw?oc=5\" target=\"_blank\" rel=\"nofollow noopener\">Ant\u00f3nio Capelo: Bloco afasta-se, Pizarro n\u00e3o comenta<\/a>&nbsp;&nbsp;Observador<\/li>\n<li><a href=\"https:\/\/news.google.com\/rss\/articles\/CBMitAFBVV95cUxQMnhfQ0kzQVNNajRQeE9fcG8wUHpxa2RGX1FPYklDLTRvNFhEZVVwakhrUkE4NXFvTms0bkNoemZfZFFFM3Nfam1BUHZueXF1TTR2R1llYkpWVWxEdGZCV1QzZWNPRTBzaV9UQU1Ma1BLMEhDb2QtWkFrdzFMd1g0dXIydDBuUllsQlJPUU16cmNFMTJxcWFwS3I3ZDZHMHF4c08tbWEyTk1uLWc5Ui1JempfX2k?oc=5\" target=\"_blank\" rel=\"nofollow noopener\">Ator Ant\u00f3nio Capelo acusado de ass\u00e9dio nas redes e aulas. &#8220;Atos graves&#8221;<\/a>&nbsp;&nbsp;Not\u00edcias ao Minuto<\/li>\n<li><a href=\"https:\/\/news.google.com\/rss\/articles\/CBMizAFBVV95cUxNdXphaHpmZWVuaGFyMjRYcnBISVhuU1F5M1h3eDVmNENWUk85elBXWF9jbDVWWG5zaE5jNzllZEtNc0tabEFyRWF2d3NSUlI3MVJMcFEyeG5MT21hb3locnJFZEl6MmkybWZaR2c4SUU5dllISnlXMkZQTEhwZkl0MU85OEhvOGRfVmhScGRtSjEzc2M5bWpsNmUwcVlrZTNwRXRGX3d2ZzlXZGN2XzJhTFpaOUFjdmpjOFBjZG96VEVhcXRGQ0YySHpGZWs?oc=5\" target=\"_blank\" rel=\"nofollow noopener\">Ant\u00f3nio Capelo afasta-se da Academia Contempor\u00e2nea do Espet\u00e1culo ap\u00f3s acusa\u00e7\u00f5es de ass\u00e9dio<\/a>&nbsp;&nbsp;Jornal de Not\u00edcias<\/li>\n<li><a href=\"https:\/\/news.google.com\/rss\/articles\/CBMipAFBVV95cUxNS1ZOdmZoVVdyTmlaV0NFN1VoVzdGTnVDUXFKdFNULVFsV2JaODktUUdEcnItZVl5Skt6R1lmZ01GSDgweHJiMUJZOTRpaFFtNG1DX2l5emxjQnFfLWJ3UGs2My0wVXlpd0pFMHpjVUYweGVoVlVDSVU0NUU4VlZVdFlVVy1NRHN3RTQ3dFNSSHdZYWRLdjNMaTQ4TG11WG5id0VRVA?oc=5\" target=\"_blank\" rel=\"nofollow noopener\">Ant\u00f3nio Capelo &#8211; Escola de Teatro pronuncia-se sobre acusa\u00e7\u00e3o de ass\u00e9dio sexual<\/a>&nbsp;&nbsp;Nova Gente<\/li>\n<li><a href=\"https:\/\/news.google.com\/rss\/articles\/CBMiqAFBVV95cUxQWE5nV1pXVWZPTzlIS1B2aWNuVnIxcXhQaEtwQUZ0NzMxRF9tY2dDaDUycy1xcVg5dmE4ZFRNWnpoS29zc3MtS3VabERydGU5aG0tRHNtcHBNN1paUG5wYzExbzFnSjVlNGlXQVk5RHJXLTFiRVhFdmx6a3Vvak92ejlVaHg5ejVuNG5ubFJNUDFOcndmdVFLNVhpYXBubTY0Sk9RaXlZbVo?oc=5\" target=\"_blank\" rel=\"nofollow noopener\">Esc\u00e2ndalo em torno de Ant\u00f3nio Capelo: Bloco de Esquerda reage a den\u00fancias \u201cmuito graves\u201d<\/a>&nbsp;&nbsp;infocul.pt<\/li>\n<\/ol>\n","protected":false},"excerpt":{"rendered":"Ant\u00f3nio Capelo: Bloco afasta-se, Pizarro n\u00e3o comenta&nbsp;&nbsp;Observador Ator Ant\u00f3nio Capelo acusado de ass\u00e9dio nas redes e aulas. &#8220;Atos&hellip;\n","protected":false},"author":2,"featured_media":65458,"comment_status":"","ping_status":"","sticky":false,"template":"","format":"standard","meta":{"footnotes":""},"categories":[85],"tags":[114,115,32,33],"class_list":{"0":"post-66212","1":"post","2":"type-post","3":"status-publish","4":"format-standard","5":"has-post-thumbnail","7":"category-entretenimento","8":"tag-entertainment","9":"tag-entretenimento","10":"tag-portugal","11":"tag-pt"},"share_on_mastodon":{"url":"","error":""},"_links":{"self":[{"href":"https:\/\/www.europesays.com\/pt\/wp-json\/wp\/v2\/posts\/66212","targetHints":{"allow":["GET"]}}],"collection":[{"href":"https:\/\/www.europesays.com\/pt\/wp-json\/wp\/v2\/posts"}],"about":[{"href":"https:\/\/www.europesays.com\/pt\/wp-json\/wp\/v2\/types\/post"}],"author":[{"embeddable":true,"href":"https:\/\/www.europesays.com\/pt\/wp-json\/wp\/v2\/users\/2"}],"replies":[{"embeddable":true,"href":"https:\/\/www.europesays.com\/pt\/wp-json\/wp\/v2\/comments?post=66212"}],"version-history":[{"count":0,"href":"https:\/\/www.europesays.com\/pt\/wp-json\/wp\/v2\/posts\/66212\/revisions"}],"wp:featuredmedia":[{"embeddable":true,"href":"https:\/\/www.europesays.com\/pt\/wp-json\/wp\/v2\/media\/65458"}],"wp:attachment":[{"href":"https:\/\/www.europesays.com\/pt\/wp-json\/wp\/v2\/media?parent=66212"}],"wp:term":[{"taxonomy":"category","embeddable":true,"href":"https:\/\/www.europesays.com\/pt\/wp-json\/wp\/v2\/categories?post=66212"},{"taxonomy":"post_tag","embeddable":true,"href":"https:\/\/www.europesays.com\/pt\/wp-json\/wp\/v2\/tags?post=66212"}],"curies":[{"name":"wp","href":"https:\/\/api.w.org\/{rel}","templated":true}]}}