{"id":66215,"date":"2025-09-10T20:37:08","date_gmt":"2025-09-10T20:37:08","guid":{"rendered":"https:\/\/www.europesays.com\/pt\/66215\/"},"modified":"2025-09-10T20:37:08","modified_gmt":"2025-09-10T20:37:08","slug":"eua-charlie-kirk-influente-activista-conservador-atingido-a-tiro-em-universidade-estados-unidos","status":"publish","type":"post","link":"https:\/\/www.europesays.com\/pt\/66215\/","title":{"rendered":"EUA: Charlie Kirk, influente activista conservador, atingido a tiro em universidade | Estados Unidos"},"content":{"rendered":"<p>O activista de direita-radical norte-americano Charlie Kirk, uma das figura de proa do trumpismo e da promo\u00e7\u00e3o da invas\u00e3o do Capit\u00f3lio, em Janeiro de 2020, foi esta quarta-feira alvejado num evento na Universidade de Utah Valley.<\/p>\n<p>V\u00eddeos divulgados nas redes sociais mostram o influencer conservador a ser atingido na zona do pesco\u00e7o enquanto discursava perante centenas de pessoas, numa ac\u00e7\u00e3o promovida pela Turning Point USA, organiza\u00e7\u00e3o fundada por Kirk.<\/p>\n<p>Segundo uma fonte policial ouvida pela The Associated Press sob anonimato, Charlie Kirk, de 31 anos, foi hospitalizado e em estado cr\u00edtico.<\/p>\n<p>A ala conservadora da pol\u00edtica americana e internacional recorreu de imediato \u00e0s redes sociais para manifestar o apoio a Kirk, com desejos e pedidos de ora\u00e7\u00e3o pela recupera\u00e7\u00e3o do radialista, apresentador do The Charlie Kirk Show. As mensagens de apoio foram encabe\u00e7adas por Donald Trump, com uma publica\u00e7\u00e3o na Truth Social, e <a href=\"https:\/\/x.com\/netanyahu\/status\/1965853456209748082\" target=\"_blank\" rel=\"nofollow\">pelo primeiro-ministro de Israel<\/a>, Benjamin Netanyahu.<\/p>\n<p>&#8220;Devemos todos rezar por Charlie Kirk, que foi baleado. Um grande tipo, de cima a baixo. DEUS O ABEN\u00c7OE&#8221;, escreveu o Presidente norte-americano na sua rede social.<\/p>\n<p>Outros membros da Administra\u00e7\u00e3o Trump disseram estar a orar por Kirk, como o vice-presidente J.D. Vance, que qualificou o activista conservador como \u201cum tipo genuinamente bom e um jovem pai\u201d, ou como a procuradora-geral Pam Bondi, que acrescentou que o FBI est\u00e1 no local a investigar o ataque.<\/p>\n<p>O crime tamb\u00e9m suscitou declara\u00e7\u00f5es imediatas de condena\u00e7\u00e3o por parte de destacados membros do Partido Democrata. Gavin Newsom, governador da Calif\u00f3rnia e um dos mais proeminentes opositores de Trump, qualificou o ataque como \u201crepugnante, vil e conden\u00e1vel\u201d. Chuck Schumer, l\u00edder da minoria democrata no Senado em Washington, disse estar a rezar por Kirk e pela sua fam\u00edlia.<\/p>\n<p>Josh Shapiro, governador democrata da Pensilv\u00e2nia, e recentemente alvo de viol\u00eancia, tendo a sua resid\u00eancia sido incendiada, declarou que \u201co ataque a Charlie Kirk \u00e9 horroroso\u201d e que \u201ceste tipo crescente de viol\u00eancia inconsciente n\u00e3o pode ter lugar\u201d na sociedade norte-americana.<\/p>\n<p>\u201cN\u00e3o h\u00e1 lugar para a viol\u00eancia pol\u00edtica no nosso pa\u00eds\u201d, acrescentou. Uma frase consonante com a mensagem da antiga presidente da C\u00e2mara dos Representantes, Nancy Pelosi, que condenou o &#8220;tiroteio terr\u00edvel&#8221;. Em 2022, o marido de Pelosi <a href=\"https:\/\/www.publico.pt\/2022\/10\/28\/mundo\/noticia\/marido-nancy-pelosi-violentamente-atacado-assaltante-2025748\" target=\"_blank\" rel=\"nofollow noopener\">foi violentamente atacado em casa<\/a> por um assaltante que estaria \u00e0 procura da democrata.<\/p>\n<p>Hasan Piker, um influente comentador de esquerda que tinha um debate com Kirk marcado para dia 25 na universidade de Dartmouth, no New Hampshire, tamb\u00e9m condenou de imediato o ataque, apelando aos seus seguidores para n\u00e3o celebrarem nem ridicularizarem o crime. Piker expressou ainda o receio de actos de vingan\u00e7a na sequ\u00eancia deste incidente.<\/p>\n<p>Novo epis\u00f3dio de viol\u00eancia pol\u00edtica nos Estados Unidos<\/p>\n<p>Os EUA t\u00eam sido palco de diversos actos de viol\u00eancia pol\u00edtica nos \u00faltimos anos. A 13 Julho de 2024, em plena campanha para as elei\u00e7\u00f5es presidenciais, Donald Trump foi atingido a tiro numa orelha durante um com\u00edcio em Butler, na Pensilv\u00e2nia. Um apoiante do ent\u00e3o candidato republicano morreu no ataque. O presum\u00edvel autor, Thomas Matthew Crooks, de 20 anos, foi abatido por agentes dos Servi\u00e7os Secretos.<\/p>\n<p>Este ano, em Junho, um homem disfar\u00e7ado de agente da pol\u00edcia matou uma deputada estadual democrata do Minnesota, Melissa Hortman, bem como o seu marido, e feriu gravemente o senador estadual democrata John Hoffman e a sua mulher. O atirador acabaria por ser detido dias depois.<\/p>\n<p>Para al\u00e9m da invas\u00e3o violenta do Capit\u00f3lio por apoiantes de Trump a 6 de Janeiro de 2021, que resultou em v\u00e1rias mortes, os \u00faltimos anos ficaram tamb\u00e9m marcados pela agress\u00e3o brutal de Paul Pelosi, marido da ent\u00e3o l\u00edder dos democratas na C\u00e2mara dos Representantes, Nancy Pelosi, em 2022, e pela desarticula\u00e7\u00e3o de um grupo que se preparava para raptar a governadora democrata do Michigan, Gretchen Whitmer, em 2020. <\/p>\n<p>Em 2017, durante a primeira presid\u00eancia de Trump, um extremista de esquerda baleou um grupo de congressistas e assessores republicanos durante um jogo de beisebol nos arredores de Washington. Anos antes, em 2011, no Arizona, a congressista democrata Gabby Giffords sobreviveu a outro ataque a tiro que vitimou mortalmente seis pessoas.<\/p>\n","protected":false},"excerpt":{"rendered":"O activista de direita-radical norte-americano Charlie Kirk, uma das figura de proa do trumpismo e da promo\u00e7\u00e3o da&hellip;\n","protected":false},"author":2,"featured_media":66216,"comment_status":"","ping_status":"","sticky":false,"template":"","format":"standard","meta":{"footnotes":""},"categories":[8],"tags":[995,993,27,28,92,353,235,413,9041,15,16,14,25,26,21,22,62,12,13,19,20,542,32,23,24,33,548,17,18,29,30,31],"class_list":{"0":"post-66215","1":"post","2":"type-post","3":"status-publish","4":"format-standard","5":"has-post-thumbnail","7":"category-principais-noticias","8":"tag-abre-conteudo","9":"tag-america","10":"tag-breaking-news","11":"tag-breakingnews","12":"tag-donald-trump","13":"tag-em-destaque","14":"tag-estados-unidos","15":"tag-eua","16":"tag-extrema-direita","17":"tag-featured-news","18":"tag-featurednews","19":"tag-headlines","20":"tag-latest-news","21":"tag-latestnews","22":"tag-main-news","23":"tag-mainnews","24":"tag-mundo","25":"tag-news","26":"tag-noticias","27":"tag-noticias-principais","28":"tag-noticiasprincipais","29":"tag-para-redes","30":"tag-portugal","31":"tag-principais-noticias","32":"tag-principaisnoticias","33":"tag-pt","34":"tag-redes-sociais","35":"tag-top-stories","36":"tag-topstories","37":"tag-ultimas","38":"tag-ultimas-noticias","39":"tag-ultimasnoticias"},"share_on_mastodon":{"url":"","error":""},"_links":{"self":[{"href":"https:\/\/www.europesays.com\/pt\/wp-json\/wp\/v2\/posts\/66215","targetHints":{"allow":["GET"]}}],"collection":[{"href":"https:\/\/www.europesays.com\/pt\/wp-json\/wp\/v2\/posts"}],"about":[{"href":"https:\/\/www.europesays.com\/pt\/wp-json\/wp\/v2\/types\/post"}],"author":[{"embeddable":true,"href":"https:\/\/www.europesays.com\/pt\/wp-json\/wp\/v2\/users\/2"}],"replies":[{"embeddable":true,"href":"https:\/\/www.europesays.com\/pt\/wp-json\/wp\/v2\/comments?post=66215"}],"version-history":[{"count":0,"href":"https:\/\/www.europesays.com\/pt\/wp-json\/wp\/v2\/posts\/66215\/revisions"}],"wp:featuredmedia":[{"embeddable":true,"href":"https:\/\/www.europesays.com\/pt\/wp-json\/wp\/v2\/media\/66216"}],"wp:attachment":[{"href":"https:\/\/www.europesays.com\/pt\/wp-json\/wp\/v2\/media?parent=66215"}],"wp:term":[{"taxonomy":"category","embeddable":true,"href":"https:\/\/www.europesays.com\/pt\/wp-json\/wp\/v2\/categories?post=66215"},{"taxonomy":"post_tag","embeddable":true,"href":"https:\/\/www.europesays.com\/pt\/wp-json\/wp\/v2\/tags?post=66215"}],"curies":[{"name":"wp","href":"https:\/\/api.w.org\/{rel}","templated":true}]}}