{"id":66227,"date":"2025-09-10T20:44:14","date_gmt":"2025-09-10T20:44:14","guid":{"rendered":"https:\/\/www.europesays.com\/pt\/66227\/"},"modified":"2025-09-10T20:44:14","modified_gmt":"2025-09-10T20:44:14","slug":"vimaranense-diego-rodrigues-cumpriu-primeira-internacionalizacao-pela-selecao-sub-21","status":"publish","type":"post","link":"https:\/\/www.europesays.com\/pt\/66227\/","title":{"rendered":"Vimaranense Diego Rodrigues cumpriu primeira internacionaliza\u00e7\u00e3o pela Sele\u00e7\u00e3o sub-21"},"content":{"rendered":"<p><img loading=\"lazy\" decoding=\"async\" height=\"533\" width=\"800\" src=\"https:\/\/www.europesays.com\/pt\/wp-content\/uploads\/2025\/09\/5dd1488c7854af1d93d3aa217309c0f7_w800.jpg\" alt=\"images\/2025\/Diego_Rodrigues_sub21.jpg\"\/><\/p>\n<p>O vimaranense Diego Rodrigues cumpriu a primeira internacionaliza\u00e7\u00e3o pela Sele\u00e7\u00e3o sub-21 de Portugal.<\/p>\n<p>Aos 20 anos, o m\u00e9dio do Sp. Braga cumpriu o primeiro jogo pela Sele\u00e7\u00e3o comandada por Lu\u00eds Freire no triunfo por 2-0 diante da Esc\u00f3cia.<\/p>\n<p>Chamado pela primeira vez aos trabalhos do escal\u00e3o, Diego Rodrigues acabou por n\u00e3o alinhar na primeira partida desta janela competitiva, diante do Azerbaij\u00e3o, mas teve a oportunidade de estar dentro de campo, no decorrer deste segundo jogo em solo escoc\u00eas. Diego Rodrigues foi titular e alinhou durante 64 minutos.<\/p>\n<p>Diego Rodrigues passou pelas camadas jovens do Taipas e Vit\u00f3ria, mas mudou-se para o Sp. Braga em 2020. Estreou-se pela equipa principal dos bracarenses na \u00e9poca passada e esta temporada j\u00e1 foi utilizado em cinco jogos.<\/p>\n<p class=\"uk-article-meta\">\n<p>\t\tquarta, 10 setembro 2025 09:17 em Desporto\n\t<\/p>\n<p>Marca\u00e7\u00f5es: <a href=\"https:\/\/www.guimaraesdigital.pt\/index.php\/component\/tags\/tag\/sp-braga\" rel=\"nofollow noopener\" target=\"_blank\">Sp. Braga<\/a>, <a href=\"https:\/\/www.guimaraesdigital.pt\/index.php\/component\/tags\/tag\/selecao-sub-21\" rel=\"nofollow noopener\" target=\"_blank\">Sele\u00e7\u00e3o sub-21<\/a>, <a href=\"https:\/\/www.guimaraesdigital.pt\/index.php\/component\/tags\/tag\/diego-rodrigues\" rel=\"nofollow noopener\" target=\"_blank\">Diego Rodrigues<\/a><\/p>\n<p><a href=\"https:\/\/www.guimaraesdigital.pt\/index.php\/informacao\/desporto\/95242-vimaranense-diego-rodrigues-cumpriu-primeira-internacionalizacao-pela-selecao-sub-21?tmpl=component&amp;print=1&amp;layout=default\" class=\"uk-margin-right\" title=\"Imprimir artigo &lt; Vimaranense Diego Rodrigues cumpriu primeira internacionaliza\u00e7\u00e3o pela Sele\u00e7\u00e3o sub-21 &gt;\" onclick=\"window.open(this.href,&#039;win2&#039;,&#039;status=no,toolbar=no,scrollbars=yes,titlebar=no,menubar=no,resizable=yes,width=640,height=480,directories=no,location=no&#039;); return false;\" rel=\"nofollow noopener\" target=\"_blank\"><br \/>\n\t\tImprimir\t<\/a><a href=\"https:\/\/www.guimaraesdigital.pt\/index.php\/component\/mailto\/?tmpl=component&amp;template=jp-world&amp;link=ff78a6ee9543a351f9554f94ae8587435e562537\" class=\"uk-margin-right\" title=\"Enviar liga\u00e7\u00e3o a um amigo\" onclick=\"window.open(this.href,&#039;win2&#039;,&#039;width=400,height=450,menubar=yes,resizable=yes&#039;); return false;\" rel=\"nofollow noopener\" target=\"_blank\"><br \/>\n\t\tEmail\t<\/a><\/p>\n","protected":false},"excerpt":{"rendered":"O vimaranense Diego Rodrigues cumpriu a primeira internacionaliza\u00e7\u00e3o pela Sele\u00e7\u00e3o sub-21 de Portugal. Aos 20 anos, o m\u00e9dio&hellip;\n","protected":false},"author":2,"featured_media":66228,"comment_status":"","ping_status":"","sticky":false,"template":"","format":"standard","meta":{"footnotes":""},"categories":[87],"tags":[1701,135,1697,1699,32,33,134,1700,1698],"class_list":{"0":"post-66227","1":"post","2":"type-post","3":"status-publish","4":"format-standard","5":"has-post-thumbnail","7":"category-desporto","8":"tag-afonso-henriques","9":"tag-desporto","10":"tag-guimaraes","11":"tag-nicolinas","12":"tag-portugal","13":"tag-pt","14":"tag-sports","15":"tag-toural","16":"tag-vitoria"},"share_on_mastodon":{"url":"","error":""},"_links":{"self":[{"href":"https:\/\/www.europesays.com\/pt\/wp-json\/wp\/v2\/posts\/66227","targetHints":{"allow":["GET"]}}],"collection":[{"href":"https:\/\/www.europesays.com\/pt\/wp-json\/wp\/v2\/posts"}],"about":[{"href":"https:\/\/www.europesays.com\/pt\/wp-json\/wp\/v2\/types\/post"}],"author":[{"embeddable":true,"href":"https:\/\/www.europesays.com\/pt\/wp-json\/wp\/v2\/users\/2"}],"replies":[{"embeddable":true,"href":"https:\/\/www.europesays.com\/pt\/wp-json\/wp\/v2\/comments?post=66227"}],"version-history":[{"count":0,"href":"https:\/\/www.europesays.com\/pt\/wp-json\/wp\/v2\/posts\/66227\/revisions"}],"wp:featuredmedia":[{"embeddable":true,"href":"https:\/\/www.europesays.com\/pt\/wp-json\/wp\/v2\/media\/66228"}],"wp:attachment":[{"href":"https:\/\/www.europesays.com\/pt\/wp-json\/wp\/v2\/media?parent=66227"}],"wp:term":[{"taxonomy":"category","embeddable":true,"href":"https:\/\/www.europesays.com\/pt\/wp-json\/wp\/v2\/categories?post=66227"},{"taxonomy":"post_tag","embeddable":true,"href":"https:\/\/www.europesays.com\/pt\/wp-json\/wp\/v2\/tags?post=66227"}],"curies":[{"name":"wp","href":"https:\/\/api.w.org\/{rel}","templated":true}]}}