{"id":66231,"date":"2025-09-10T20:46:15","date_gmt":"2025-09-10T20:46:15","guid":{"rendered":"https:\/\/www.europesays.com\/pt\/66231\/"},"modified":"2025-09-10T20:46:15","modified_gmt":"2025-09-10T20:46:15","slug":"estavam-a-subir-prostitutas-para-casa-de-jogador-casado-e-com-familia","status":"publish","type":"post","link":"https:\/\/www.europesays.com\/pt\/66231\/","title":{"rendered":"Estavam a subir prostitutas para casa de jogador casado e com fam\u00edlia"},"content":{"rendered":"<p>Foi quando estava no programa &#8216;Passadeira Vermelha&#8217;, da SIC Caras, que Sara Norte acabou por revelar uma curiosidade sobre um &#8220;jogador de futebol muito conhecido&#8221;. A atriz contou, sem mencionar nomes, que o mesmo recebeu &#8220;prostitutas&#8221; em casa.\u00a0<\/p>\n<p>&#8220;N\u00e3o dizendo o nome do jogador, uma vez fui a uma festa de anivers\u00e1rio de uma amiga minha que vivia em Telheiras e, nesse mesmo, andar estavam a subir umas cinco ou sete prostitutas para casa de um jogador de futebol, que era casado e com fam\u00edlia. E era muito conhecido&#8221;, contou a atriz.\u00a0<\/p>\n<p>Por sua vez, a apresentadora Liliana Campos recordou: &#8220;Lembro-me de ir ao Est\u00e1dio da Luz, de sairmos pela sa\u00edda dos jogadores e teres grupos de mulheres c\u00e1 fora, de f\u00e3s, prontas para lhes darem o n\u00famero de telefone. Eles sabiam perfeitamente que elas estavam ali e paravam o carro se quisessem&#8230; Mas eram grupo de f\u00e3s.&#8221;<\/p>\n<p>J\u00e1 a ex-mulher do treinador Jesualdo Ferreira, a comentadora do formato Zulmira, comentou:\u00a0&#8220;&#8216;F\u00e3s&#8217;&#8230; Os est\u00e1gios eram uma pouca vergonha. At\u00e9 nos est\u00e1gios&#8230;&#8221;<\/p>\n<p>Nuno Azinheira acrescentou depois: &#8220;Os anos e anos em que a sele\u00e7\u00e3o portuguesa nunca chegou a mais do que uma fase final, nunca passava dos primeiros grupos, tinha a ver com isso. O amadorismo total e a falta de perspetiva profissional. A partir do momento em que Carlos Queiroz [imp\u00f4s regras]&#8230; Hoje, de facto, o futebol portugu\u00eas est\u00e1 ao n\u00edvel do melhor do mundo.&#8221;<\/p>\n<p>&#8220;As mentalidades tamb\u00e9m mudaram, felizmente&#8221;, disse ainda Zulmira, dando por terminado o tema.\u00a0<\/p>\n<p>O que originou tais coment\u00e1rios no &#8216;Passadeira Vermelha&#8217;<\/p>\n<p>Toda esta quest\u00e3o chegou depois de terem estado a comentar o facto de a vi\u00fava de Diogo Jota, Rute Cardoso, ter regressado a Portugal com uma das empregadas que vivia com o casal em Inglaterra.\u00a0<\/p>\n<p>&#8220;Acho perfeitamente normal ela estar acompanhada da fam\u00edlia. Ela estava numa casa que a iria fazer recordar o marido, e nem sei o que isso ser\u00e1. Voltar a uma casa onde estava o amor da nossa vida&#8221;, come\u00e7ou por comentar Sara Norte sobre o falecido Diogo Jota e Rute Cardoso.\u00a0<\/p>\n<p>&#8220;Desculpem-me as outras, mas ela n\u00e3o \u00e9 o prot\u00f3tipo de uma mulher de jogador de futebol&#8221;, acrescentou a atriz e comentadora.\u00a0<\/p>\n<p>&#8220;N\u00e3o sei se n\u00e3o \u00e9 injusto, Sara&#8221;, manifestou Liliana Campos. &#8220;Est\u00e1 a mudar muito, n\u00e3o \u00e9 a mesma coisa&#8221;, acrescentou Nuno Azinheira.\u00a0<\/p>\n<p>&#8220;Se fores ver no antigamente, quando havia esse prot\u00f3tipo, tinhas uma Carla Ba\u00eda que aos 16 anos deixou tudo e foi m\u00e3e&#8230;&#8221;, lembrou Liliana Campos.\u00a0<\/p>\n<p>&#8220;Mas eram eles que n\u00e3o queriam que elas trabalhassem&#8221;, fez quest\u00e3o de frisar Zulmira. &#8220;\u00c9 bom que se diga isso, porque normalmente eles n\u00e3o queriam.&#8221;<\/p>\n<p>&#8220;A mim um homem podia dizer que n\u00e3o queria que eu trabalhasse, que eu mandava-o \u00e0s favas. [&#8230;] Percebo, s\u00e3o escolhas que fazem. Por isso \u00e9 que depois algumas se divorciaram e sa\u00edram com nada&#8221;, comentou ainda Sara Norte, argumentando que muitas mulheres aguentavam &#8220;trai\u00e7\u00f5es&#8221;<\/p>\n<p>&#8220;N\u00e3o penses que eram t\u00e3o felizes por n\u00e3o trabalharem&#8221;, afirmou Zulmira.\u00a0<\/p>\n<p>Leia Tamb\u00e9m: <a href=\"https:\/\/www.noticiasaominuto.com\/fama\/2849081\/eu-comia-as-minhas-emocoes-estava-triste-comia-um-queque\" target=\"_blank\" rel=\"noopener noreferrer nofollow\">&#8220;Eu comia as minhas emo\u00e7\u00f5es. Estava triste, comia um queque&#8221;<\/a><\/p>\n","protected":false},"excerpt":{"rendered":"Foi quando estava no programa &#8216;Passadeira Vermelha&#8217;, da SIC Caras, que Sara Norte acabou por revelar uma curiosidade&hellip;\n","protected":false},"author":2,"featured_media":66232,"comment_status":"","ping_status":"","sticky":false,"template":"","format":"standard","meta":{"footnotes":""},"categories":[85],"tags":[114,115,32,33],"class_list":{"0":"post-66231","1":"post","2":"type-post","3":"status-publish","4":"format-standard","5":"has-post-thumbnail","7":"category-entretenimento","8":"tag-entertainment","9":"tag-entretenimento","10":"tag-portugal","11":"tag-pt"},"share_on_mastodon":{"url":"","error":""},"_links":{"self":[{"href":"https:\/\/www.europesays.com\/pt\/wp-json\/wp\/v2\/posts\/66231","targetHints":{"allow":["GET"]}}],"collection":[{"href":"https:\/\/www.europesays.com\/pt\/wp-json\/wp\/v2\/posts"}],"about":[{"href":"https:\/\/www.europesays.com\/pt\/wp-json\/wp\/v2\/types\/post"}],"author":[{"embeddable":true,"href":"https:\/\/www.europesays.com\/pt\/wp-json\/wp\/v2\/users\/2"}],"replies":[{"embeddable":true,"href":"https:\/\/www.europesays.com\/pt\/wp-json\/wp\/v2\/comments?post=66231"}],"version-history":[{"count":0,"href":"https:\/\/www.europesays.com\/pt\/wp-json\/wp\/v2\/posts\/66231\/revisions"}],"wp:featuredmedia":[{"embeddable":true,"href":"https:\/\/www.europesays.com\/pt\/wp-json\/wp\/v2\/media\/66232"}],"wp:attachment":[{"href":"https:\/\/www.europesays.com\/pt\/wp-json\/wp\/v2\/media?parent=66231"}],"wp:term":[{"taxonomy":"category","embeddable":true,"href":"https:\/\/www.europesays.com\/pt\/wp-json\/wp\/v2\/categories?post=66231"},{"taxonomy":"post_tag","embeddable":true,"href":"https:\/\/www.europesays.com\/pt\/wp-json\/wp\/v2\/tags?post=66231"}],"curies":[{"name":"wp","href":"https:\/\/api.w.org\/{rel}","templated":true}]}}