{"id":66235,"date":"2025-09-10T20:51:12","date_gmt":"2025-09-10T20:51:12","guid":{"rendered":"https:\/\/www.europesays.com\/pt\/66235\/"},"modified":"2025-09-10T20:51:12","modified_gmt":"2025-09-10T20:51:12","slug":"catarina-martins-anuncia-candidatura-a-presidente-da-republica-contra-os-homens-do-costume","status":"publish","type":"post","link":"https:\/\/www.europesays.com\/pt\/66235\/","title":{"rendered":"Catarina Martins anuncia candidatura a Presidente da Rep\u00fablica, contra os \u201chomens do costume\u201d"},"content":{"rendered":"<p style=\"text-align: start;\">Menos de um m\u00eas ap\u00f3s se posicionar na corrida a Bel\u00e9m atrav\u00e9s das redes sociais, Catarina Martins vem\u00a0confirmar que \u00e9 candidata a Presidente da Rep\u00fablica. <strong>\u201c<\/strong><strong>A<\/strong><strong>nunciarei hoje a minha candidatura a Presidente da Rep\u00fablica<\/strong><strong>\u201d<\/strong>, anunciou a ex-l\u00edder esta quarta-feira atrav\u00e9s de uma mensagem aos militantes do Bloco de Esquerda a que o Expresso teve acesso. A eurodeputada bloquista quer que a sua candidatura seja um<strong> \u201cespa\u00e7o alargado\u201d de encontro <\/strong>entre \u201ctantas outras e tantos outros\u201d. \u00a0<\/p>\n<p><a href=\"https:\/\/expresso.pt\/subscrever\/?action=GEN&amp;channel=BAF&amp;type=CAP&amp;source=WEB&amp;returnUrl=https:\/\/expresso.pt\/politica\/eleicoes\/presidenciais\/2025-09-10-catarina-martins-anuncia-candidatura-a-presidente-da-republica-contra-os-homens-do-costume-6f58813b&amp;utm_source=expresso&amp;utm_medium=locked_article&amp;locked=true&amp;article_id=9bfe1317-a324-4928-97fc-ce5bae3e559d&amp;author_id=Margarida+Coutinho,Pedro+Carreira+Garcia&amp;category=Presidenciais+2026\" target=\"_self\" class=\"\" rel=\"nofollow noopener\">Subscrever<\/a>J\u00e1 \u00e9 Subscritor?Fa\u00e7a login e continue a ler<a href=\"http:\/\/expresso.pt\/codigo?redirectUrl=https:\/\/expresso.pt\/politica\/eleicoes\/presidenciais\/2025-09-10-catarina-martins-anuncia-candidatura-a-presidente-da-republica-contra-os-homens-do-costume-6f58813b\" target=\"_self\" class=\"\" rel=\"nofollow noopener\">Inserir C\u00f3digo<\/a>Comprou o Expresso?Insira o c\u00f3digo presente na Revista E para continuar a ler<\/p>\n","protected":false},"excerpt":{"rendered":"Menos de um m\u00eas ap\u00f3s se posicionar na corrida a Bel\u00e9m atrav\u00e9s das redes sociais, Catarina Martins vem\u00a0confirmar&hellip;\n","protected":false},"author":2,"featured_media":31462,"comment_status":"","ping_status":"","sticky":false,"template":"","format":"standard","meta":{"footnotes":""},"categories":[8],"tags":[27,28,15,16,14,25,26,21,22,12,13,19,20,32,23,24,33,17,18,29,30,31],"class_list":{"0":"post-66235","1":"post","2":"type-post","3":"status-publish","4":"format-standard","5":"has-post-thumbnail","7":"category-principais-noticias","8":"tag-breaking-news","9":"tag-breakingnews","10":"tag-featured-news","11":"tag-featurednews","12":"tag-headlines","13":"tag-latest-news","14":"tag-latestnews","15":"tag-main-news","16":"tag-mainnews","17":"tag-news","18":"tag-noticias","19":"tag-noticias-principais","20":"tag-noticiasprincipais","21":"tag-portugal","22":"tag-principais-noticias","23":"tag-principaisnoticias","24":"tag-pt","25":"tag-top-stories","26":"tag-topstories","27":"tag-ultimas","28":"tag-ultimas-noticias","29":"tag-ultimasnoticias"},"share_on_mastodon":{"url":"","error":""},"_links":{"self":[{"href":"https:\/\/www.europesays.com\/pt\/wp-json\/wp\/v2\/posts\/66235","targetHints":{"allow":["GET"]}}],"collection":[{"href":"https:\/\/www.europesays.com\/pt\/wp-json\/wp\/v2\/posts"}],"about":[{"href":"https:\/\/www.europesays.com\/pt\/wp-json\/wp\/v2\/types\/post"}],"author":[{"embeddable":true,"href":"https:\/\/www.europesays.com\/pt\/wp-json\/wp\/v2\/users\/2"}],"replies":[{"embeddable":true,"href":"https:\/\/www.europesays.com\/pt\/wp-json\/wp\/v2\/comments?post=66235"}],"version-history":[{"count":0,"href":"https:\/\/www.europesays.com\/pt\/wp-json\/wp\/v2\/posts\/66235\/revisions"}],"wp:featuredmedia":[{"embeddable":true,"href":"https:\/\/www.europesays.com\/pt\/wp-json\/wp\/v2\/media\/31462"}],"wp:attachment":[{"href":"https:\/\/www.europesays.com\/pt\/wp-json\/wp\/v2\/media?parent=66235"}],"wp:term":[{"taxonomy":"category","embeddable":true,"href":"https:\/\/www.europesays.com\/pt\/wp-json\/wp\/v2\/categories?post=66235"},{"taxonomy":"post_tag","embeddable":true,"href":"https:\/\/www.europesays.com\/pt\/wp-json\/wp\/v2\/tags?post=66235"}],"curies":[{"name":"wp","href":"https:\/\/api.w.org\/{rel}","templated":true}]}}