{"id":66238,"date":"2025-09-10T20:54:35","date_gmt":"2025-09-10T20:54:35","guid":{"rendered":"https:\/\/www.europesays.com\/pt\/66238\/"},"modified":"2025-09-10T20:54:35","modified_gmt":"2025-09-10T20:54:35","slug":"flavia-martins-lanca-livros-sobre-luto-e-justica-racial-10-09-2025-monica-bergamo","status":"publish","type":"post","link":"https:\/\/www.europesays.com\/pt\/66238\/","title":{"rendered":"Fl\u00e1via Martins lan\u00e7a livros sobre luto e justi\u00e7a racial &#8211; 10\/09\/2025 &#8211; M\u00f4nica Bergamo"},"content":{"rendered":"<p>A ju\u00edza Fl\u00e1via Martins de Carvalho lan\u00e7a neste s\u00e1bado (13), \u00e0s 16h, dois novos livros na <a href=\"https:\/\/www1.folha.uol.com.br\/folha-topicos\/livraria\/\" rel=\"nofollow noopener\" target=\"_blank\">Livraria<\/a> da Vila, em <a href=\"https:\/\/www1.folha.uol.com.br\/folha-topicos\/sao-paulo\/\" rel=\"nofollow noopener\" target=\"_blank\">S\u00e3o Paulo<\/a>.<\/p>\n<p>Em &#8220;Di\u00e1rio de Uma Aus\u00eancia&#8221;, a magistrada re\u00fane reflex\u00f5es sobre o cotidiano ap\u00f3s a morte de sua m\u00e3e. J\u00e1 em &#8220;Jurisviv\u00eancia: Direito e Literatura na Escreviv\u00eancia de Uma Mulher Preta, Pobre e Ju\u00edza&#8221; \u2014fruto de sua tese de doutorado defendida na USP em 2024\u2014 ela faz uma an\u00e1lise em primeira pessoa sobre como o sistema de justi\u00e7a, em especial o Poder Judici\u00e1rio, lida com corpos negros em espa\u00e7os de poder.<\/p>\n<p>Fl\u00e1via integra o Tribunal de Justi\u00e7a de S\u00e3o Paulo e, desde 2021, atua como ju\u00edza auxiliar no gabinete do ministro Lu\u00eds Roberto Barroso. Em 2023, quando ele assumiu a presid\u00eancia do Supremo, ela passou a comandar a Ouvidoria do tribunal, tornando-se a primeira ju\u00edza-ouvidora do Supremo Tribunal Federal.<\/p>\n<p>Os livros s\u00e3o publicados pelo selo Refer\u00eancia, da Editora Mostarda.<\/p>\n<p>com <strong>DIEGO ALEJANDRO, KARINA MATIAS e VICT\u00d3RIA C\u00d3COLO<\/strong><\/p>\n<p class=\"c-context__content\">&#13;<br \/>\n    <strong>LINK PRESENTE:<\/strong> Gostou deste texto? Assinante pode liberar sete acessos gratuitos de qualquer link por dia. Basta clicar no F azul abaixo.&#13;\n  <\/p>\n","protected":false},"excerpt":{"rendered":"A ju\u00edza Fl\u00e1via Martins de Carvalho lan\u00e7a neste s\u00e1bado (13), \u00e0s 16h, dois novos livros na Livraria da&hellip;\n","protected":false},"author":2,"featured_media":66239,"comment_status":"","ping_status":"","sticky":false,"template":"","format":"standard","meta":{"footnotes":""},"categories":[143],"tags":[169,114,115,236,18174,18175,603,876,170,8337,32,33,654,3802,58],"class_list":{"0":"post-66238","1":"post","2":"type-post","3":"status-publish","4":"format-standard","5":"has-post-thumbnail","7":"category-livros","8":"tag-books","9":"tag-entertainment","10":"tag-entretenimento","11":"tag-folha","12":"tag-injustica-social","13":"tag-juiza","14":"tag-justica","15":"tag-livraria","16":"tag-livros","17":"tag-pobreza","18":"tag-portugal","19":"tag-pt","20":"tag-sao-paulo","21":"tag-sao-paulo-estado","22":"tag-sociedade"},"share_on_mastodon":{"url":"","error":""},"_links":{"self":[{"href":"https:\/\/www.europesays.com\/pt\/wp-json\/wp\/v2\/posts\/66238","targetHints":{"allow":["GET"]}}],"collection":[{"href":"https:\/\/www.europesays.com\/pt\/wp-json\/wp\/v2\/posts"}],"about":[{"href":"https:\/\/www.europesays.com\/pt\/wp-json\/wp\/v2\/types\/post"}],"author":[{"embeddable":true,"href":"https:\/\/www.europesays.com\/pt\/wp-json\/wp\/v2\/users\/2"}],"replies":[{"embeddable":true,"href":"https:\/\/www.europesays.com\/pt\/wp-json\/wp\/v2\/comments?post=66238"}],"version-history":[{"count":0,"href":"https:\/\/www.europesays.com\/pt\/wp-json\/wp\/v2\/posts\/66238\/revisions"}],"wp:featuredmedia":[{"embeddable":true,"href":"https:\/\/www.europesays.com\/pt\/wp-json\/wp\/v2\/media\/66239"}],"wp:attachment":[{"href":"https:\/\/www.europesays.com\/pt\/wp-json\/wp\/v2\/media?parent=66238"}],"wp:term":[{"taxonomy":"category","embeddable":true,"href":"https:\/\/www.europesays.com\/pt\/wp-json\/wp\/v2\/categories?post=66238"},{"taxonomy":"post_tag","embeddable":true,"href":"https:\/\/www.europesays.com\/pt\/wp-json\/wp\/v2\/tags?post=66238"}],"curies":[{"name":"wp","href":"https:\/\/api.w.org\/{rel}","templated":true}]}}