{"id":66278,"date":"2025-09-10T21:44:16","date_gmt":"2025-09-10T21:44:16","guid":{"rendered":"https:\/\/www.europesays.com\/pt\/66278\/"},"modified":"2025-09-10T21:44:16","modified_gmt":"2025-09-10T21:44:16","slug":"quem-e-chloe-malle-sucessora-de-anna-wintour-na-direcao-da-prestigiada-revista-vogue","status":"publish","type":"post","link":"https:\/\/www.europesays.com\/pt\/66278\/","title":{"rendered":"Quem \u00e9 Chloe Malle, sucessora de Anna Wintour na dire\u00e7\u00e3o da prestigiada revista \u201cVogue\u201d"},"content":{"rendered":"<p>1985<\/p>\n<p>Franco-americana<\/p>\n<p class=\"texto\">Nasce a 8 de novembro em Nova Iorque, filha do realizador Louis Malle e da atriz americana Candice Bergen. Mudam-se para Los Angeles quando Chloe tem 3 anos, acompanhando a m\u00e3e, que rodava a s\u00e9rie \u201cMurphy Brown\u201d.<\/p>\n<p>2000<\/p>\n<p>Retorno \u00e0 Big Apple<\/p>\n<p class=\"texto\">Durante a estada em LA, o pai faz uma ponte a\u00e9rea entre aquela cidade e Fran\u00e7a. Mas a fam\u00edlia volta a reunir-se em Nova Iorque, onde Chloe, ent\u00e3o com 15 anos, frequenta a Riverdale Country School.<\/p>\n<p>2004<\/p>\n<p>Caloira em Brown<\/p>\n<p class=\"texto\">Ingressa na prestigiada Universidade de Brown para estudar literatura comparada e escrita, ap\u00f3s um breve per\u00edodo a frequentar a Sorbonne, em Paris. <\/p>\n<p>2009<\/p>\n<p>Redatora estagi\u00e1ria<\/p>\n<p class=\"texto\">Come\u00e7a um est\u00e1gio no \u201cNew York Observer\u201d, que dura at\u00e9 2011, altura em que se torna freelancer para o \u201cThe New York Times\u201d, \u201cMarie Claire\u201d, \u201cThe Wall Street Journal\u201d e a \u201cVogue\u201d, publicando a sua primeira pe\u00e7a para a m\u00edtica revista da Cond\u00e9 Nast.<\/p>\n<p>2011<\/p>\n<p>De freelancer a editora<\/p>\n<p class=\"texto\">Aos 26 anos, entra na reda\u00e7\u00e3o da \u201cVogue\u201d como social editor, respons\u00e1vel pela cobertura de casamentos e demais eventos sociais, iniciando um percurso de 15 anos na publica\u00e7\u00e3o dirigida por Anna Wintour.<\/p>\n<p>2015<\/p>\n<p>Casamento e promo\u00e7\u00e3o<\/p>\n<p class=\"texto\">Casa-se com Graham Albert no castelo Le Coual \u2014 pertencente ao pai, no sudoeste franc\u00eas \u2014 com quem viria a ter dois filhos, Louis e Alice. Na \u201cVogue\u201d, um ano mais tarde assume o cargo de contributing editor, escrevendo artigos e liderando v\u00e1rios projetos editoriais. <\/p>\n<p>2023<\/p>\n<p>Rainha do site<\/p>\n<p class=\"texto\">Ap\u00f3s o sucesso do podcast semanal \u201cThe Run-Through with Vogue\u201d, \u00e9 nomeada editora da Vogue.com, tomando as r\u00e9deas do projeto digital da revista, aumentando a sua audi\u00eancia. \u201cSob sua lideran\u00e7a, o tr\u00e1fego direto para o site duplicou e houve crescimento de dois d\u00edgitos em todos os indicadores-chave\u201d, divulgou a Cond\u00e9 Nast. <\/p>\n<p>2025<\/p>\n<p>No lugar de Wintour<\/p>\n<p class=\"texto\">\u00c9 escolhida para suceder a Anna Wintour, de 75 anos, que dirigia a \u201cVogue\u201d desde 1988. Ainda que continue a trabalhar sob a sua supervis\u00e3o, Malle espera poder deixar a sua marca. \u201cTem de haver uma mudan\u00e7a percet\u00edvel que fa\u00e7a com que isto seja meu\u201d, disse. ao \u201cNYT\u201d.<\/p>\n","protected":false},"excerpt":{"rendered":"1985 Franco-americana Nasce a 8 de novembro em Nova Iorque, filha do realizador Louis Malle e da atriz&hellip;\n","protected":false},"author":2,"featured_media":66279,"comment_status":"","ping_status":"","sticky":false,"template":"","format":"standard","meta":{"footnotes":""},"categories":[145],"tags":[211,210,114,115,32,33],"class_list":{"0":"post-66278","1":"post","2":"type-post","3":"status-publish","4":"format-standard","5":"has-post-thumbnail","7":"category-celebridades","8":"tag-celebridades","9":"tag-celebrities","10":"tag-entertainment","11":"tag-entretenimento","12":"tag-portugal","13":"tag-pt"},"share_on_mastodon":{"url":"","error":""},"_links":{"self":[{"href":"https:\/\/www.europesays.com\/pt\/wp-json\/wp\/v2\/posts\/66278","targetHints":{"allow":["GET"]}}],"collection":[{"href":"https:\/\/www.europesays.com\/pt\/wp-json\/wp\/v2\/posts"}],"about":[{"href":"https:\/\/www.europesays.com\/pt\/wp-json\/wp\/v2\/types\/post"}],"author":[{"embeddable":true,"href":"https:\/\/www.europesays.com\/pt\/wp-json\/wp\/v2\/users\/2"}],"replies":[{"embeddable":true,"href":"https:\/\/www.europesays.com\/pt\/wp-json\/wp\/v2\/comments?post=66278"}],"version-history":[{"count":0,"href":"https:\/\/www.europesays.com\/pt\/wp-json\/wp\/v2\/posts\/66278\/revisions"}],"wp:featuredmedia":[{"embeddable":true,"href":"https:\/\/www.europesays.com\/pt\/wp-json\/wp\/v2\/media\/66279"}],"wp:attachment":[{"href":"https:\/\/www.europesays.com\/pt\/wp-json\/wp\/v2\/media?parent=66278"}],"wp:term":[{"taxonomy":"category","embeddable":true,"href":"https:\/\/www.europesays.com\/pt\/wp-json\/wp\/v2\/categories?post=66278"},{"taxonomy":"post_tag","embeddable":true,"href":"https:\/\/www.europesays.com\/pt\/wp-json\/wp\/v2\/tags?post=66278"}],"curies":[{"name":"wp","href":"https:\/\/api.w.org\/{rel}","templated":true}]}}