{"id":66284,"date":"2025-09-10T21:47:08","date_gmt":"2025-09-10T21:47:08","guid":{"rendered":"https:\/\/www.europesays.com\/pt\/66284\/"},"modified":"2025-09-10T21:47:08","modified_gmt":"2025-09-10T21:47:08","slug":"bruno-de-carvalho-e-ana-duarte-ficam-virais-nas-redes-sociais-apos-gesto-inusitado-big-brother","status":"publish","type":"post","link":"https:\/\/www.europesays.com\/pt\/66284\/","title":{"rendered":"Bruno de Carvalho e Ana Duarte ficam virais nas redes sociais ap\u00f3s gesto inusitado &#8211; Big Brother"},"content":{"rendered":"<p style=\"margin-bottom:11px\"><strong>Longe das quatro paredes do Big Brother<\/strong>, <a href=\"https:\/\/tvi.iol.pt\/bigbrother\/search?pagina=1&amp;pesquisa=bruno+de%20carvalho\" rel=\"nofollow noopener\" target=\"_blank\">Bruno de Carvalho<\/a> e <a href=\"https:\/\/tvi.iol.pt\/bigbrother\/search?pagina=1&amp;pesquisa=ana+duarte\" rel=\"nofollow noopener\" target=\"_blank\">Ana Duarte <\/a>voltaram a ser vistos juntos, desta vez num cen\u00e1rio totalmente diferente. Numa festa, em que<a href=\"https:\/\/tvi.iol.pt\/bigbrother\/search?pagina=1&amp;pesquisa=bruno+de%20carvalho\" rel=\"nofollow noopener\" target=\"_blank\"> Bruno<\/a> aparentemente se encontrava a atuar como DJ, <a href=\"https:\/\/tvi.iol.pt\/bigbrother\/search?pagina=1&amp;pesquisa=ana+duarte\" rel=\"nofollow noopener\" target=\"_blank\">Ana Duarte<\/a> surgiu em cima do palco ao seu lado, <strong>acompanhando-o durante a performance<\/strong>.<\/p>\n<p>O momento que mais chamou a aten\u00e7\u00e3o n\u00e3o foi a m\u00fasica, mas sim uma atitude inesperada de<a href=\"https:\/\/tvi.iol.pt\/bigbrother\/search?pagina=1&amp;pesquisa=ana+duarte\" rel=\"nofollow noopener\" target=\"_blank\"> Ana Duarte<\/a>. A <a href=\"https:\/\/tvi.iol.pt\/bigbrother\/search?pagina=1&amp;pesquisa=ana+duarte\" rel=\"nofollow noopener\" target=\"_blank\">ex-concorrente e cantora<\/a> pegou no copo de Bruno de Carvalho e deu um gole, mas foi a express\u00e3o no rosto que imediatamente captou todos os olhares e<strong> deu origem ao v\u00eddeo que rapidamente se tornou viral<\/strong>.<\/p>\n<p>Nas<strong> redes sociais<\/strong>, os f\u00e3s reagiram com<strong> surpresa e humor<\/strong>, questionando entre si: \u201c<strong>O que ter\u00e1 a bebida do Bruno de Carvalho?<\/strong>\u201d. Coment\u00e1rios e memes multiplicaram-se, tornando o v\u00eddeo num dos conte\u00fados mais partilhados do dia.<\/p>\n<p><strong>Veja o momento<\/strong>:<\/p>\n<p>\u00a0<\/p>\n","protected":false},"excerpt":{"rendered":"Longe das quatro paredes do Big Brother, Bruno de Carvalho e Ana Duarte voltaram a ser vistos juntos,&hellip;\n","protected":false},"author":2,"featured_media":66285,"comment_status":"","ping_status":"","sticky":false,"template":"","format":"standard","meta":{"footnotes":""},"categories":[142],"tags":[340,331,48,341,329,333,328,335,336,114,115,334,332,330,13,32,33,151,162,227],"class_list":{"0":"post-66284","1":"post","2":"type-post","3":"status-publish","4":"format-standard","5":"has-post-thumbnail","7":"category-tv","8":"tag-ana-duarte","9":"tag-big","10":"tag-big-brother","11":"tag-bruno-de-carvalho","12":"tag-claudio-ramos","13":"tag-comentadores","14":"tag-concorrentes","15":"tag-confrontos","16":"tag-discussoes","17":"tag-entertainment","18":"tag-entretenimento","19":"tag-exclusivos","20":"tag-expulso","21":"tag-gala","22":"tag-noticias","23":"tag-portugal","24":"tag-pt","25":"tag-tv","26":"tag-tvi","27":"tag-videos"},"share_on_mastodon":{"url":"","error":""},"_links":{"self":[{"href":"https:\/\/www.europesays.com\/pt\/wp-json\/wp\/v2\/posts\/66284","targetHints":{"allow":["GET"]}}],"collection":[{"href":"https:\/\/www.europesays.com\/pt\/wp-json\/wp\/v2\/posts"}],"about":[{"href":"https:\/\/www.europesays.com\/pt\/wp-json\/wp\/v2\/types\/post"}],"author":[{"embeddable":true,"href":"https:\/\/www.europesays.com\/pt\/wp-json\/wp\/v2\/users\/2"}],"replies":[{"embeddable":true,"href":"https:\/\/www.europesays.com\/pt\/wp-json\/wp\/v2\/comments?post=66284"}],"version-history":[{"count":0,"href":"https:\/\/www.europesays.com\/pt\/wp-json\/wp\/v2\/posts\/66284\/revisions"}],"wp:featuredmedia":[{"embeddable":true,"href":"https:\/\/www.europesays.com\/pt\/wp-json\/wp\/v2\/media\/66285"}],"wp:attachment":[{"href":"https:\/\/www.europesays.com\/pt\/wp-json\/wp\/v2\/media?parent=66284"}],"wp:term":[{"taxonomy":"category","embeddable":true,"href":"https:\/\/www.europesays.com\/pt\/wp-json\/wp\/v2\/categories?post=66284"},{"taxonomy":"post_tag","embeddable":true,"href":"https:\/\/www.europesays.com\/pt\/wp-json\/wp\/v2\/tags?post=66284"}],"curies":[{"name":"wp","href":"https:\/\/api.w.org\/{rel}","templated":true}]}}