{"id":66298,"date":"2025-09-10T22:00:23","date_gmt":"2025-09-10T22:00:23","guid":{"rendered":"https:\/\/www.europesays.com\/pt\/66298\/"},"modified":"2025-09-10T22:00:23","modified_gmt":"2025-09-10T22:00:23","slug":"biblioteca-rahmah-the-maak","status":"publish","type":"post","link":"https:\/\/www.europesays.com\/pt\/66298\/","title":{"rendered":"Biblioteca Rahmah \/ The MAAK"},"content":{"rendered":"<p><a class=\"js-image-size__link \" href=\"https:\/\/www.archdaily.com.br\/br\/1033786\/biblioteca-rahmah-the-maak\/68b84fc35abc4f0187ca7d2e-rahmah-library-the-maak-photo\" rel=\"attachment nofollow noopener\" style=\"width: 100%; height: 100%;\" target=\"_blank\"><img decoding=\"async\" alt=\"Biblioteca Rahmah \/ The MAAK - Fotografia de Exterior, Tijolo, Fachada\" data-nr-picture-id=\"68b84fc35abc4f0187ca7d2e\" fetchpriority=\"high\" height=\"527\" itemprop=\"image\" loading=\"eager\" longdesc=\"https:\/\/www.archdaily.com.br\/br\/1033786\/biblioteca-rahmah-the-maak\/68b84fc35abc4f0187ca7d2e-rahmah-library-the-maak-photo\" src=\"https:\/\/www.europesays.com\/pt\/wp-content\/uploads\/2025\/09\/rahmah-library-the-maak_23.jpg\" style=\"min-height: var(--featured-height, auto); aspect-ratio: auto 640 \/ 527\" width=\"640\"\/><\/a>\u00a9 Kent Andreasen<\/p>\n<p class=\"thumbs afd-desktop-e clearfix\"><a class=\"thumbs__link\" data-nr-picture-id=\"68b84fbb5abc4f0187ca7d29\" href=\"https:\/\/www.archdaily.com.br\/br\/1033786\/biblioteca-rahmah-the-maak\/68b84fbb5abc4f0187ca7d29-rahmah-library-the-maak-photo\" rel=\"attachment nofollow noopener\" target=\"_blank\"><img loading=\"lazy\" decoding=\"async\" alt=\"Biblioteca Rahmah \/ The MAAK - Fotografia de Exterior\" class=\"thumbs__img b-lazy\" data-nr-picture-id=\"68b84fbb5abc4f0187ca7d29\" data-pin-nopin=\"true\" src=\"https:\/\/www.europesays.com\/pt\/wp-content\/uploads\/2025\/09\/rahmah-library-the-maak_12.jpg\" height=\"125\" longdesc=\"https:\/\/www.archdaily.com.br\/br\/1033786\/biblioteca-rahmah-the-maak\/68b84fbb5abc4f0187ca7d29-rahmah-library-the-maak-photo\" title=\"\u00a9 Kent Andreasen\" width=\"125\"\/><\/a><a class=\"thumbs__link\" data-nr-picture-id=\"68b84fbf6ea4440188209686\" href=\"https:\/\/www.archdaily.com.br\/br\/1033786\/biblioteca-rahmah-the-maak\/68b84fbf6ea4440188209686-rahmah-library-the-maak-photo\" rel=\"attachment nofollow noopener\" target=\"_blank\"><img loading=\"lazy\" decoding=\"async\" alt=\"Biblioteca Rahmah \/ The MAAK - Imagem 3 de 33\" class=\"thumbs__img b-lazy\" data-nr-picture-id=\"68b84fbf6ea4440188209686\" data-pin-nopin=\"true\" src=\"https:\/\/www.europesays.com\/pt\/wp-content\/uploads\/2025\/09\/rahmah-library-the-maak_4.jpg\" height=\"125\" longdesc=\"https:\/\/www.archdaily.com.br\/br\/1033786\/biblioteca-rahmah-the-maak\/68b84fbf6ea4440188209686-rahmah-library-the-maak-photo\" title=\"\u00a9 Kent Andreasen\" width=\"125\"\/><\/a><a class=\"thumbs__link\" data-nr-picture-id=\"68b84fc46ea444018820968a\" href=\"https:\/\/www.archdaily.com.br\/br\/1033786\/biblioteca-rahmah-the-maak\/68b84fc46ea444018820968a-rahmah-library-the-maak-photo\" rel=\"attachment nofollow noopener\" target=\"_blank\"><img loading=\"lazy\" decoding=\"async\" alt=\"Biblioteca Rahmah \/ The MAAK - Fotografia de Interiores, Sala de Jantar, Cadeira\" class=\"thumbs__img b-lazy\" data-nr-picture-id=\"68b84fc46ea444018820968a\" data-pin-nopin=\"true\" src=\"https:\/\/www.europesays.com\/pt\/wp-content\/uploads\/2025\/09\/rahmah-library-the-maak_24.jpg\" height=\"125\" longdesc=\"https:\/\/www.archdaily.com.br\/br\/1033786\/biblioteca-rahmah-the-maak\/68b84fc46ea444018820968a-rahmah-library-the-maak-photo\" title=\"\u00a9 Kent Andreasen\" width=\"125\"\/><\/a><a class=\"thumbs__link\" data-nr-picture-id=\"68b84fc46ea444018820968b\" href=\"https:\/\/www.archdaily.com.br\/br\/1033786\/biblioteca-rahmah-the-maak\/68b84fc46ea444018820968b-rahmah-library-the-maak-photo\" rel=\"attachment nofollow noopener\" target=\"_blank\"><img loading=\"lazy\" decoding=\"async\" alt=\"Biblioteca Rahmah \/ The MAAK - Fotografia de Interiores, Sala de Jantar, Madeira\" class=\"thumbs__img b-lazy\" data-nr-picture-id=\"68b84fc46ea444018820968b\" data-pin-nopin=\"true\" src=\"https:\/\/www.europesays.com\/pt\/wp-content\/uploads\/2025\/09\/rahmah-library-the-maak_22.jpg\" height=\"125\" longdesc=\"https:\/\/www.archdaily.com.br\/br\/1033786\/biblioteca-rahmah-the-maak\/68b84fc46ea444018820968b-rahmah-library-the-maak-photo\" title=\"\u00a9 Kent Andreasen\" width=\"125\"\/><\/a><a class=\"gallery-link afd-desktop-e\" href=\"https:\/\/www.archdaily.com.br\/br\/1033786\/biblioteca-rahmah-the-maak\/68b84fc35abc4f0187ca7d2e-rahmah-library-the-maak-photo\" rel=\"nofollow noopener\" target=\"_blank\"><img decoding=\"async\" alt=\"Biblioteca Rahmah \/ The MAAK - Mais Imagens\" class=\"thumbs__img b-lazy\" src=\"https:\/\/www.europesays.com\/pt\/wp-content\/uploads\/2025\/09\/rahmah-library-the-maak_23.jpg\" itemprop=\"image\" bad-src=\"data:image\/gif;base64,R0lGODlhAQABAIAAAAUEBAAAACwAAAAAAQABAAACAkQBADs=\"\/>+ 28<\/a><\/p>\n<p>    Compartilhar<\/p>\n<p>Compartilhar<\/p>\n<ul class=\"afd-share__networks clearfix\">\n<li class=\"afd-share__social\"><a aria-label=\"Facebook\" class=\"afd-share__button\" data-insights-category=\"share\" data-insights-label=\"facebook_sharing_options\" data-insights-value=\"1033786\" data-social=\"facebook\" href=\"https:\/\/www.facebook.com\/sharer\/sharer.php?u=https:\/\/www.archdaily.com.br\/br\/1033786\/biblioteca-rahmah-the-maak\" rel=\"nofollow noopener\" target=\"_blank\"><\/a>\n<p>Facebook<\/p>\n<\/li>\n<li class=\"afd-share__social\"><a aria-label=\"Twitter\" class=\"afd-share__button\" data-insights-category=\"share\" data-insights-label=\"twitter_sharing_options\" data-insights-value=\"1033786\" data-social=\"twitter\" href=\"https:\/\/twitter.com\/intent\/tweet?text=Biblioteca%20Rahmah%20%2F%20The%20MAAK&amp;url=https:\/\/www.archdaily.com.br\/br\/1033786\/biblioteca-rahmah-the-maak&amp;via=archdailybr\" rel=\"nofollow noopener\" target=\"_blank\"><\/a>\n<p>Twitter<\/p>\n<\/li>\n<li class=\"afd-share__social\"><a class=\"afd-share__button\" data-insights-category=\"share\" data-insights-label=\"email_sharing_options\" data-insights-value=\"1033786\" data-social=\"email\" href=\"mailto:?subject=Biblioteca Rahmah \/ The MAAK&amp;body=https:\/\/www.archdaily.com.br\/br\/1033786\/biblioteca-rahmah-the-maak\"><\/a>\n<p>Mail<\/p>\n<\/li>\n<li class=\"afd-share__social\"><a aria-label=\"Pinterest\" class=\"afd-share__button\" data-insights-category=\"share\" data-insights-label=\"pinterest_sharing_options\" data-insights-value=\"1033786\" data-social=\"pinterest\" href=\"https:\/\/pinterest.com\/pin\/create\/button\/?url=https%3A%2F%2Fwww.archdaily.com.br%2Fbr%2F1033786%2Fbiblioteca-rahmah-the-maak&amp;media=https%3A%2F%2Fimages.adsttc.com%2Fmedia%2Fimages%2F68b8%2F4fc3%2F5abc%2F4f01%2F87ca%2F7d2e%2Flarge_jpg%2Frahmah-library-the-maak_23.jpg%3F1756909531&amp;description=Biblioteca%20Rahmah%20%2F%20The%20MAAK\" rel=\"nofollow noopener\" target=\"_blank\"><\/a>\n<p>Pinterest<\/p>\n<\/li>\n<li class=\"afd-share__social\"><a aria-label=\"Whatsapp\" class=\"afd-share__button\" data-action=\"share\/whatsapp\/share\" data-insights-category=\"share\" data-insights-label=\"whatsapp_sharing_options\" data-insights-value=\"1033786\" data-social=\"whatsapp\" href=\"whatsapp:\/\/send?text=Biblioteca+Rahmah+%2F+The+MAAK+%7C+https%3A%2F%2Fwww.archdaily.com.br%2Fbr%2F1033786%2Fbiblioteca-rahmah-the-maak%3Futm_source%3DWhatsapp%26utm_medium%3DIM%26utm_campaign%3Dshare-button\" rel=\"nofollow\"><\/a>\n<p>Whatsapp<\/p>\n<\/li>\n<\/ul>\n<p>Ou<\/p>\n<p>https:\/\/www.archdaily.com.br\/br\/1033786\/biblioteca-rahmah-the-maak<\/p>\n<ul class=\"afd-char-list afd-specs__item-container js-char-list\">\n<li class=\"afd-specs__item\">\n<\/li>\n<li class=\"afd-specs__item\">\n  \u00c1rea<br \/>\n  \u00c1rea deste projeto de arquitetura<\/p>\n<p>\u00c1rea:\u00a0<br \/>\n        <a href=\"https:\/\/www.archdaily.com.br\/search\/br\/projects\/min_area\/172\/max_area\/258?ad_name=project-specs&amp;ad_medium=single\" rel=\"nofollow noopener\" target=\"_blank\">215<\/a> m\u00b2<\/li>\n<li class=\"afd-specs__item\">\n<p>  Ano<br \/>\n  Ano de conclus\u00e3o deste projeto de arquitetura<\/p>\n<p>            Ano:\u00a0<\/p>\n<p>                    <a href=\"https:\/\/www.archdaily.com.br\/search\/br\/projects\/year\/2025?ad_name=project-specs&amp;ad_medium=single\" rel=\"nofollow noopener\" target=\"_blank\"><br \/>\n          2025<br \/>\n        <\/a><\/p>\n<\/li>\n<li class=\"afd-specs__item\">\n<p>  Fot\u00f3grafo<\/p>\n<\/li>\n<\/ul>\n<p><a class=\"js-image-size__link lazy-anchor\" href=\"https:\/\/www.archdaily.com.br\/br\/1033786\/biblioteca-rahmah-the-maak\/68b84fbb5abc4f0187ca7d29-rahmah-library-the-maak-photo\" rel=\"nofollow noopener\" target=\"_blank\"><img decoding=\"async\" alt=\"Biblioteca Rahmah \/ The MAAK - Fotografia de Exterior\" data-nr-picture-id=\"68b84fbb5abc4f0187ca7d29\" height=\"427\" itemprop=\"image\" loading=\"lazy\" longdesc=\"https:\/\/www.archdaily.com.br\/br\/1033786\/biblioteca-rahmah-the-maak\/68b84fbb5abc4f0187ca7d29-rahmah-library-the-maak-photo\" src=\"https:\/\/www.europesays.com\/pt\/wp-content\/uploads\/2025\/09\/1757541616_702_rahmah-library-the-maak_12.jpg\" width=\"640\"\/>\u00a9 Kent Andreasen<\/a><\/p>\n<p>Descri\u00e7\u00e3o enviada pela equipe de projeto. A Biblioteca Rahmah da Escola Prim\u00e1ria Rahmaniyeh, na <a href=\"https:\/\/www.archdaily.com.br\/br\/tag\/cidade-do-cabo\" rel=\"nofollow noopener\" target=\"_blank\">Cidade do Cabo<\/a>, \u00e9 uma instala\u00e7\u00e3o vibrante que mostra como arquitetos e alunos podem trabalhar juntos para construir espa\u00e7os educacionais orientados para o usu\u00e1rio.<\/p>\n<p><a class=\"js-image-size__link lazy-anchor\" href=\"https:\/\/www.archdaily.com.br\/br\/1033786\/biblioteca-rahmah-the-maak\/68b84fc36ea4440188209688-rahmah-library-the-maak-photo\" rel=\"nofollow noopener\" target=\"_blank\"><img decoding=\"async\" alt=\"Biblioteca Rahmah \/ The MAAK - Fotografia de Interiores, Madeira\" data-nr-picture-id=\"68b84fc36ea4440188209688\" height=\"427\" itemprop=\"image\" loading=\"lazy\" longdesc=\"https:\/\/www.archdaily.com.br\/br\/1033786\/biblioteca-rahmah-the-maak\/68b84fc36ea4440188209688-rahmah-library-the-maak-photo\" src=\"https:\/\/www.europesays.com\/pt\/wp-content\/uploads\/2025\/09\/rahmah-library-the-maak_13.jpg\" width=\"640\"\/>\u00a9 Kent Andreasen<\/a><\/p>\n<p>O edif\u00edcio \u00e9 definido por um telhado simples que se eleva em dire\u00e7\u00e3o a vistas das montanhas ao sul e proporciona sombra do sol quente ao norte. Uma parede curva de blocos de vidro se projeta sob a eleva\u00e7\u00e3o leste em forma de tri\u00e2ngulo, criando uma entrada acolhedora e uma zona de brincadeiras coberta. O exterior \u00e9 articulado atrav\u00e9s de tijolos, com varia\u00e7\u00e3o de cor e textura, ecoando a linguagem material do edif\u00edcio escolar original (a escola mais antiga ainda em funcionamento no Distrito Seis).<\/p>\n<p><a class=\"js-image-size__link lazy-anchor\" href=\"https:\/\/www.archdaily.com.br\/br\/1033786\/biblioteca-rahmah-the-maak\/68b84ee25abc4f019eca7d1d-rahmah-library-the-maak-ground-floor-plan\" rel=\"nofollow noopener\" target=\"_blank\"><img decoding=\"async\" alt=\"Biblioteca Rahmah \/ The MAAK - Imagem 30 de 33\" data-nr-picture-id=\"68b84ee25abc4f019eca7d1d\" height=\"427\" itemprop=\"image\" loading=\"lazy\" longdesc=\"https:\/\/www.archdaily.com.br\/br\/1033786\/biblioteca-rahmah-the-maak\/68b84ee25abc4f019eca7d1d-rahmah-library-the-maak-ground-floor-plan\" src=\"https:\/\/www.europesays.com\/pt\/wp-content\/uploads\/2025\/09\/rahmah-library-02-ground-floor-plan-2.jpg\" width=\"640\"\/>Planta &#8211; T\u00e9rreo<\/a><\/p>\n<p>Por dentro, a biblioteca se abre como um \u00fanico e generoso volume (com \u00e1reas de apoio ocultas). Mudan\u00e7as suaves de n\u00edveis, que ecoam a inclina\u00e7\u00e3o do terreno, organizam sutilmente o interior nas principais zonas da biblioteca: uma \u00e1rea de recep\u00e7\u00e3o, um espa\u00e7o de leitura, o n\u00facleo central da biblioteca, uma sala de aula e um lounge para intera\u00e7\u00e3o. Detalhes l\u00fadicos definem esses espa\u00e7os e criam oportunidades para abra\u00e7ar diferentes &#8220;posturas de leitura&#8221; em toda a instala\u00e7\u00e3o, seja sentado, reclinado, sozinho ou em grupos.<\/p>\n<p><a class=\"js-image-size__link lazy-anchor\" href=\"https:\/\/www.archdaily.com.br\/br\/1033786\/biblioteca-rahmah-the-maak\/68b84fc46ea444018820968b-rahmah-library-the-maak-photo\" rel=\"nofollow noopener\" target=\"_blank\"><img decoding=\"async\" alt=\"Biblioteca Rahmah \/ The MAAK - Fotografia de Interiores, Sala de Jantar, Madeira\" data-nr-picture-id=\"68b84fc46ea444018820968b\" height=\"427\" itemprop=\"image\" loading=\"lazy\" longdesc=\"https:\/\/www.archdaily.com.br\/br\/1033786\/biblioteca-rahmah-the-maak\/68b84fc46ea444018820968b-rahmah-library-the-maak-photo\" src=\"https:\/\/www.europesays.com\/pt\/wp-content\/uploads\/2025\/09\/1757541619_382_rahmah-library-the-maak_22.jpg\" width=\"640\"\/>\u00a9 Kent Andreasen<\/a><a class=\"js-image-size__link lazy-anchor\" href=\"https:\/\/www.archdaily.com.br\/br\/1033786\/biblioteca-rahmah-the-maak\/68b84fb831f79d017f4e5318-rahmah-library-the-maak-photo\" rel=\"nofollow noopener\" target=\"_blank\"><img decoding=\"async\" alt=\"Biblioteca Rahmah \/ The MAAK - Fotografia de Interiores\" data-nr-picture-id=\"68b84fb831f79d017f4e5318\" height=\"427\" itemprop=\"image\" loading=\"lazy\" longdesc=\"https:\/\/www.archdaily.com.br\/br\/1033786\/biblioteca-rahmah-the-maak\/68b84fb831f79d017f4e5318-rahmah-library-the-maak-photo\" src=\"https:\/\/www.europesays.com\/pt\/wp-content\/uploads\/2025\/09\/rahmah-library-the-maak_1.jpg\" width=\"640\"\/>\u00a9 Kent Andreasen<\/a><\/p>\n<p>O processo de engajamento dos usu\u00e1rios e co-cria\u00e7\u00e3o com os alunos da Escola Prim\u00e1ria Rahmaniyeh est\u00e1 no cora\u00e7\u00e3o do projeto. Com o apoio da profissional especializada em design centrado na crian\u00e7a, Xanel\u00e9 Mennen, da Funda\u00e7\u00e3o Otto \u2014 parceira operacional da iniciativa \u2014, a MAAK promoveu uma s\u00e9rie de oficinas nas quais os usu\u00e1rios finais atuaram como coautores de sua futura biblioteca. Ao integrar os alunos \u00e0 equipe de arquitetura, foi poss\u00edvel acessar percep\u00e7\u00f5es \u00fanicas e valiosas, que resultaram em solu\u00e7\u00f5es criativas e em detalhes singulares no projeto final.<\/p>\n<p><a class=\"js-image-size__link lazy-anchor\" href=\"https:\/\/www.archdaily.com.br\/br\/1033786\/biblioteca-rahmah-the-maak\/68b84ee331f79d017f4e5313-rahmah-library-the-maak-exploded-axonometry\" rel=\"nofollow noopener\" target=\"_blank\"><img decoding=\"async\" alt=\"Biblioteca Rahmah \/ The MAAK - Imagem 28 de 33\" data-nr-picture-id=\"68b84ee331f79d017f4e5313\" height=\"427\" itemprop=\"image\" loading=\"lazy\" longdesc=\"https:\/\/www.archdaily.com.br\/br\/1033786\/biblioteca-rahmah-the-maak\/68b84ee331f79d017f4e5313-rahmah-library-the-maak-exploded-axonometry\" src=\"https:\/\/www.europesays.com\/pt\/wp-content\/uploads\/2025\/09\/rahmah-library-07-exploded-axo-7.jpg\" width=\"640\"\/>Axonom\u00e9trica em Camadas<\/a><\/p>\n<p>Um destaque s\u00e3o as prateleiras &#8220;Rahmah-Rama&#8221; que foram imaginadas pelos alunos e trazidas \u00e0 vida pelos designers de m\u00f3veis locais Pedersen e Lennard. Importante, como Mennen aponta, &#8220;as oficinas ajudaram a ganhar confian\u00e7a, fomentar um senso de pertencimento e criar empolga\u00e7\u00e3o pelo que estava por vir. Agora, as crian\u00e7as est\u00e3o profundamente envolvidas e bem conectadas \u00e0 biblioteca.&#8221;<\/p>\n<p><a class=\"js-image-size__link lazy-anchor\" href=\"https:\/\/www.archdaily.com.br\/br\/1033786\/biblioteca-rahmah-the-maak\/68b84fc46ea444018820968a-rahmah-library-the-maak-photo\" rel=\"nofollow noopener\" target=\"_blank\"><img decoding=\"async\" alt=\"Biblioteca Rahmah \/ The MAAK - Fotografia de Interiores, Sala de Jantar, Cadeira\" data-nr-picture-id=\"68b84fc46ea444018820968a\" height=\"427\" itemprop=\"image\" loading=\"lazy\" longdesc=\"https:\/\/www.archdaily.com.br\/br\/1033786\/biblioteca-rahmah-the-maak\/68b84fc46ea444018820968a-rahmah-library-the-maak-photo\" src=\"https:\/\/www.europesays.com\/pt\/wp-content\/uploads\/2025\/09\/1757541620_406_rahmah-library-the-maak_24.jpg\" width=\"640\"\/>\u00a9 Kent Andreasen<\/a><a class=\"js-image-size__link lazy-anchor\" href=\"https:\/\/www.archdaily.com.br\/br\/1033786\/biblioteca-rahmah-the-maak\/68b84fba6ea4440188209683-rahmah-library-the-maak-photo\" rel=\"nofollow noopener\" target=\"_blank\"><img decoding=\"async\" alt=\"Biblioteca Rahmah \/ The MAAK - Fotografia de Interiores, Sala de Jantar, Madeira, Ilumina\u00e7\u00e3o, Cadeira\" data-nr-picture-id=\"68b84fba6ea4440188209683\" height=\"427\" itemprop=\"image\" loading=\"lazy\" longdesc=\"https:\/\/www.archdaily.com.br\/br\/1033786\/biblioteca-rahmah-the-maak\/68b84fba6ea4440188209683-rahmah-library-the-maak-photo\" src=\"https:\/\/www.europesays.com\/pt\/wp-content\/uploads\/2025\/09\/rahmah-library-the-maak_7.jpg\" width=\"640\"\/>\u00a9 Kent Andreasen<\/a><\/p>\n<p>Para honrar a sens\u00edvel hist\u00f3ria geopol\u00edtica do Distrito Seis, uma \u00e1rea violentamente reconfigurada pelas remo\u00e7\u00f5es for\u00e7adas da era do Apartheid, MAAK trabalhou com a artista e pesquisadora Zayaan Khan para transformar argila do bairro ao redor (\u00e0s vezes encontrada nos destro\u00e7os de casas anteriormente demolidas no Distrito Seis) em uma s\u00e9rie de puxadores para portas e azulejos decorativos.<\/p>\n<p><a class=\"js-image-size__link lazy-anchor\" href=\"https:\/\/www.archdaily.com.br\/br\/1033786\/biblioteca-rahmah-the-maak\/68b84ee26ea444019f209679-rahmah-library-the-maak-longitudinal-section\" rel=\"nofollow noopener\" target=\"_blank\"><img decoding=\"async\" alt=\"Biblioteca Rahmah \/ The MAAK - Imagem 31 de 33\" data-nr-picture-id=\"68b84ee26ea444019f209679\" height=\"427\" itemprop=\"image\" loading=\"lazy\" longdesc=\"https:\/\/www.archdaily.com.br\/br\/1033786\/biblioteca-rahmah-the-maak\/68b84ee26ea444019f209679-rahmah-library-the-maak-longitudinal-section\" src=\"https:\/\/www.europesays.com\/pt\/wp-content\/uploads\/2025\/09\/rahmah-library-05-long-section-5.jpg\" width=\"640\"\/>Corte Longitudinal<\/a><\/p>\n<p>Em um ato adicional de recupera\u00e7\u00e3o, a mesma argila foi utilizada para criar &#8220;Ladrilhos do Distrito Seis&#8221; personalizados, que s\u00e3o instalados no piso do hall de entrada e em frente a uma fonte de \u00e1gua externa. Esses detalhes contextuais ancoram o projeto em seu lugar, f\u00edsica e simbolicamente.<\/p>\n<p><a class=\"js-image-size__link lazy-anchor\" href=\"https:\/\/www.archdaily.com.br\/br\/1033786\/biblioteca-rahmah-the-maak\/68b84fbe5abc4f0187ca7d2a-rahmah-library-the-maak-photo\" rel=\"nofollow noopener\" target=\"_blank\"><img decoding=\"async\" alt=\"Biblioteca Rahmah \/ The MAAK - Fotografia de Exterior\" data-nr-picture-id=\"68b84fbe5abc4f0187ca7d2a\" height=\"427\" itemprop=\"image\" loading=\"lazy\" longdesc=\"https:\/\/www.archdaily.com.br\/br\/1033786\/biblioteca-rahmah-the-maak\/68b84fbe5abc4f0187ca7d2a-rahmah-library-the-maak-photo\" src=\"https:\/\/www.europesays.com\/pt\/wp-content\/uploads\/2025\/09\/rahmah-library-the-maak_18.jpg\" width=\"640\"\/>\u00a9 Kent Andreasen<\/a><a class=\"js-image-size__link lazy-anchor\" href=\"https:\/\/www.archdaily.com.br\/br\/1033786\/biblioteca-rahmah-the-maak\/68b84fc531f79d017f4e531e-rahmah-library-the-maak-photo\" rel=\"nofollow noopener\" target=\"_blank\"><img decoding=\"async\" alt=\"Biblioteca Rahmah \/ The MAAK - Fotografia de Interiores, Madeira\" data-nr-picture-id=\"68b84fc531f79d017f4e531e\" height=\"427\" itemprop=\"image\" loading=\"lazy\" longdesc=\"https:\/\/www.archdaily.com.br\/br\/1033786\/biblioteca-rahmah-the-maak\/68b84fc531f79d017f4e531e-rahmah-library-the-maak-photo\" src=\"https:\/\/www.europesays.com\/pt\/wp-content\/uploads\/2025\/09\/rahmah-library-the-maak_15.jpg\" width=\"640\"\/>\u00a9 Kent Andreasen<\/a><\/p>\n<p>A Biblioteca Rahmah \u00e9 um santu\u00e1rio para leitura e imagina\u00e7\u00e3o que simboliza o que \u00e9 poss\u00edvel quando diferentes gera\u00e7\u00f5es e disciplinas projetam juntas. Inaugurada com orgulho em 2025, a nova instala\u00e7\u00e3o oferece um marco significativo para a escola que, at\u00e9 recentemente, n\u00e3o possu\u00eda uma biblioteca para seus mais de 500 alunos. O edif\u00edcio conclu\u00eddo agora se ergue como um farol de aprendizado e alegria, um espa\u00e7o para se apaixonar pela leitura e estimular mentes jovens por muitos anos. Como diz Sra. Shireen Jaffer, a Diretora da Escola, &#8220;\u00c9 um lar longe de casa.&#8221;<\/p>\n<p><a class=\"js-image-size__link lazy-anchor\" href=\"https:\/\/www.archdaily.com.br\/br\/1033786\/biblioteca-rahmah-the-maak\/68b84fc26ea4440188209687-rahmah-library-the-maak-photo\" rel=\"nofollow noopener\" target=\"_blank\"><img decoding=\"async\" alt=\"Biblioteca Rahmah \/ The MAAK - Imagem 6 de 33\" data-nr-picture-id=\"68b84fc26ea4440188209687\" height=\"427\" itemprop=\"image\" loading=\"lazy\" longdesc=\"https:\/\/www.archdaily.com.br\/br\/1033786\/biblioteca-rahmah-the-maak\/68b84fc26ea4440188209687-rahmah-library-the-maak-photo\" src=\"https:\/\/www.europesays.com\/pt\/wp-content\/uploads\/2025\/09\/rahmah-library-the-maak_8.jpg\" width=\"640\"\/>\u00a9 Kent Andreasen<\/a><script async src=\"https:\/\/platform.twitter.com\/widgets.js\" charset=\"utf-8\"><\/script><\/p>\n","protected":false},"excerpt":{"rendered":"\u00a9 Kent Andreasen + 28 Compartilhar Compartilhar Facebook Twitter Mail Pinterest Whatsapp Ou https:\/\/www.archdaily.com.br\/br\/1033786\/biblioteca-rahmah-the-maak \u00c1rea \u00c1rea deste projeto&hellip;\n","protected":false},"author":2,"featured_media":66299,"comment_status":"","ping_status":"","sticky":false,"template":"","format":"standard","meta":{"footnotes":""},"categories":[144],"tags":[304,4716,13707,207,205,206,203,201,202,15965,18190,204,114,115,2859,32,33],"class_list":{"0":"post-66298","1":"post","2":"type-post","3":"status-publish","4":"format-standard","5":"has-post-thumbnail","7":"category-arte-e-design","8":"tag-arquitetura","9":"tag-arquitetura-cultural","10":"tag-arquitetura-educacional","11":"tag-arte","12":"tag-arte-e-design","13":"tag-artedesign","14":"tag-arts","15":"tag-arts-and-design","16":"tag-artsanddesign","17":"tag-bibliotecas","18":"tag-cidade-do-cabo","19":"tag-design","20":"tag-entertainment","21":"tag-entretenimento","22":"tag-escolas","23":"tag-portugal","24":"tag-pt"},"share_on_mastodon":{"url":"","error":""},"_links":{"self":[{"href":"https:\/\/www.europesays.com\/pt\/wp-json\/wp\/v2\/posts\/66298","targetHints":{"allow":["GET"]}}],"collection":[{"href":"https:\/\/www.europesays.com\/pt\/wp-json\/wp\/v2\/posts"}],"about":[{"href":"https:\/\/www.europesays.com\/pt\/wp-json\/wp\/v2\/types\/post"}],"author":[{"embeddable":true,"href":"https:\/\/www.europesays.com\/pt\/wp-json\/wp\/v2\/users\/2"}],"replies":[{"embeddable":true,"href":"https:\/\/www.europesays.com\/pt\/wp-json\/wp\/v2\/comments?post=66298"}],"version-history":[{"count":0,"href":"https:\/\/www.europesays.com\/pt\/wp-json\/wp\/v2\/posts\/66298\/revisions"}],"wp:featuredmedia":[{"embeddable":true,"href":"https:\/\/www.europesays.com\/pt\/wp-json\/wp\/v2\/media\/66299"}],"wp:attachment":[{"href":"https:\/\/www.europesays.com\/pt\/wp-json\/wp\/v2\/media?parent=66298"}],"wp:term":[{"taxonomy":"category","embeddable":true,"href":"https:\/\/www.europesays.com\/pt\/wp-json\/wp\/v2\/categories?post=66298"},{"taxonomy":"post_tag","embeddable":true,"href":"https:\/\/www.europesays.com\/pt\/wp-json\/wp\/v2\/tags?post=66298"}],"curies":[{"name":"wp","href":"https:\/\/api.w.org\/{rel}","templated":true}]}}