{"id":66300,"date":"2025-09-10T22:01:07","date_gmt":"2025-09-10T22:01:07","guid":{"rendered":"https:\/\/www.europesays.com\/pt\/66300\/"},"modified":"2025-09-10T22:01:07","modified_gmt":"2025-09-10T22:01:07","slug":"livro-que-era-fanfic-de-harry-potter-vai-virar-filme","status":"publish","type":"post","link":"https:\/\/www.europesays.com\/pt\/66300\/","title":{"rendered":"Livro que era fanfic de Harry Potter vai virar filme"},"content":{"rendered":"<p>Respons\u00e1vel por sucessos do cinema como a saga<strong>\u00a0Duna<\/strong>, a produtora\u00a0<strong>Legendary Entertainment<\/strong> se prepara para produzir uma adapta\u00e7\u00e3o para o cinema de\u00a0<strong>Alchemised<\/strong>\u00a0(em tradu\u00e7\u00e3o livre,\u00a0<strong>Alquimizada<\/strong>), livro in\u00e9dito de fantasia.<\/p>\n<p>A obra original leva a assinatura de\u00a0<strong>SenLinYu<\/strong> e nasceu como uma fan-fic do universo\u00a0<strong>Harry Potter<\/strong>, centralizada em um romance proibido entre os personagens Draco Malfoy e Hermione Granger.<\/p>\n<p>Segundo informa\u00e7\u00f5es do portal The Hollywood Reporter, a Legendary teria desembolsado um valor superior a US$ 3 milh\u00f5es na compra dos direitos de reprodu\u00e7\u00e3o de\u00a0Alchemised.<\/p>\n<p>&#8220;Estou honrado pelo incr\u00edvel entusiasmo da Legendary pelo projeto e mal posso esperar para ver o mundo de Paladia [reino fict\u00edcio onde se passa a hist\u00f3ria] ganhar vida&#8221;, declarou SenLinYu sobre o filme vindouro.<strong><br \/><\/strong><\/p>\n<p>Alchemised conta a hist\u00f3ria de Helen Marino, uma curandeira e alquimista que guarda segredos esquecidos em sua mente. Ela \u00e9 enviada \u00e0 propriedade decadente de um necromante que deve recuperar suas mem\u00f3rias apagadas.<\/p>\n<p>O livro ainda \u00e9 in\u00e9dito e tem previs\u00e3o de chegar \u00e0s livrarias estrangeiras em 23 de setembro.<\/p>\n<p>      <strong>Tudo sobre a s\u00e9rie\u00a0Harry Potter<\/strong><\/p>\n<p>A\u00a0HBO\u00a0descreve a s\u00e9rie como uma &#8220;adapta\u00e7\u00e3o fiel&#8221; da s\u00e9rie de livros mundialmente reconhecida de J.K. Rowling.<\/p>\n<p>&#8220;Explorando todos os cantos do mundo bruxo, cada temporada levar\u00e1 &#8216;Harry Potter&#8217; e suas incr\u00edveis aventuras para p\u00fablicos novos e antigos&#8221;, segundo a descri\u00e7\u00e3o\u00a0oficial.<\/p>\n<p>\u00c9 esperado que a s\u00e9rie de\u00a0Harry Potter\u00a0tenha sete temporadas, com cada uma adaptando um dos sete livros da saga.<\/p>\n<p>O trio protagonista \u00e9 formado, al\u00e9m de Arabella, por\u00a0Dominic McLaughlin\u00a0como Harry Potter\u00a0e\u00a0Alastair Stout\u00a0como Ron Weasley.\u00a0Entre os nomes confirmados no elenco temos\u00a0John Lithgow\u00a0(Conclave) como Alvo Dumbledore,\u00a0Janet McTeer\u00a0(A Rainha Branca) como Minerva McGonagall,\u00a0Paapa Essiedu\u00a0(Gangs\u00a0of\u00a0London) como Severo Snape e\u00a0Nick Frost\u00a0(Todo\u00a0Mundo\u00a0Quase Morto) como R\u00fabeo Hagrid.\u00a0<\/p>\n<p>Al\u00e9m dos nomes acima, tamb\u00e9m foram confirmados\u00a0Luke Thallon\u00a0como o Professor Quirrell e\u00a0Paul Whitehouse\u00a0como Argus Filch. Temos ainda\u00a0Lox Pratt\u00a0como Draco Malfoy, e\u00a0Johnny Flynn\u00a0seu pai, Lucio.\u00a0Katherine Parkinson\u00a0ser\u00e1 Molly Wesley,\u00a0Leo Early\u00a0ser\u00e1 Simas Finnigan,\u00a0Alessia Leoni\u00a0ser\u00e1 Parvati Patil,\u00a0Sienna Moosah\u00a0ser\u00e1 Lil\u00e1 Brown e\u00a0Bertie Carvel\u00a0ser\u00e1 Corn\u00e9lio\u00a0Fudge.<\/p>\n","protected":false},"excerpt":{"rendered":"Respons\u00e1vel por sucessos do cinema como a saga\u00a0Duna, a produtora\u00a0Legendary Entertainment se prepara para produzir uma adapta\u00e7\u00e3o para&hellip;\n","protected":false},"author":2,"featured_media":66301,"comment_status":"","ping_status":"","sticky":false,"template":"","format":"standard","meta":{"footnotes":""},"categories":[143],"tags":[169,114,115,170,32,33],"class_list":{"0":"post-66300","1":"post","2":"type-post","3":"status-publish","4":"format-standard","5":"has-post-thumbnail","7":"category-livros","8":"tag-books","9":"tag-entertainment","10":"tag-entretenimento","11":"tag-livros","12":"tag-portugal","13":"tag-pt"},"share_on_mastodon":{"url":"","error":""},"_links":{"self":[{"href":"https:\/\/www.europesays.com\/pt\/wp-json\/wp\/v2\/posts\/66300","targetHints":{"allow":["GET"]}}],"collection":[{"href":"https:\/\/www.europesays.com\/pt\/wp-json\/wp\/v2\/posts"}],"about":[{"href":"https:\/\/www.europesays.com\/pt\/wp-json\/wp\/v2\/types\/post"}],"author":[{"embeddable":true,"href":"https:\/\/www.europesays.com\/pt\/wp-json\/wp\/v2\/users\/2"}],"replies":[{"embeddable":true,"href":"https:\/\/www.europesays.com\/pt\/wp-json\/wp\/v2\/comments?post=66300"}],"version-history":[{"count":0,"href":"https:\/\/www.europesays.com\/pt\/wp-json\/wp\/v2\/posts\/66300\/revisions"}],"wp:featuredmedia":[{"embeddable":true,"href":"https:\/\/www.europesays.com\/pt\/wp-json\/wp\/v2\/media\/66301"}],"wp:attachment":[{"href":"https:\/\/www.europesays.com\/pt\/wp-json\/wp\/v2\/media?parent=66300"}],"wp:term":[{"taxonomy":"category","embeddable":true,"href":"https:\/\/www.europesays.com\/pt\/wp-json\/wp\/v2\/categories?post=66300"},{"taxonomy":"post_tag","embeddable":true,"href":"https:\/\/www.europesays.com\/pt\/wp-json\/wp\/v2\/tags?post=66300"}],"curies":[{"name":"wp","href":"https:\/\/api.w.org\/{rel}","templated":true}]}}