{"id":66304,"date":"2025-09-10T22:03:15","date_gmt":"2025-09-10T22:03:15","guid":{"rendered":"https:\/\/www.europesays.com\/pt\/66304\/"},"modified":"2025-09-10T22:03:15","modified_gmt":"2025-09-10T22:03:15","slug":"david-ellefson-diz-que-nao-falou-mais-com-dave-mustaine-apos-ser-demitido-do-megadeth","status":"publish","type":"post","link":"https:\/\/www.europesays.com\/pt\/66304\/","title":{"rendered":"David Ellefson diz que n\u00e3o falou mais com Dave Mustaine ap\u00f3s ser demitido do Megadeth"},"content":{"rendered":"<p>Considerado um dos nomes mais relevantes da hist\u00f3ria do thrash metal, o <a href=\"https:\/\/whiplash.net\/bandas\/m\/megadeth.html\" class=\"hotwords\" rel=\"nofollow noopener\" target=\"_blank\">Megadeth<\/a> re\u00fane em sua discografia cl\u00e1ssicos incontest\u00e1veis do g\u00eanero. Liderada pelo guitarrista e vocalista <a href=\"https:\/\/whiplash.net\/bandas\/d\/davemustaine.html\" class=\"hotwords\" rel=\"nofollow noopener\" target=\"_blank\">Dave Mustaine<\/a>, a banda tamb\u00e9m ganhou fama por outro motivo menos nobre: as constantes mudan\u00e7as em sua forma\u00e7\u00e3o.<\/p>\n<p>Ao longo de quatro d\u00e9cadas, in\u00fameros m\u00fasicos integraram o <a href=\"https:\/\/whiplash.net\/bandas\/m\/megadeth.html\" class=\"hotwords\" rel=\"nofollow noopener\" target=\"_blank\">Megadeth<\/a>. Mustaine \u00e9 o \u00fanico presente em todas as fases, enquanto o baixista <a href=\"https:\/\/whiplash.net\/bandas\/d\/davidellefson.html\" class=\"hotwords\" rel=\"nofollow noopener\" target=\"_blank\">David Ellefson<\/a> ocupa o segundo posto de maior longevidade, somando tr\u00eas d\u00e9cadas, divididas em duas passagens.<\/p>\n<p><a href=\"https:\/\/whiplash.net\/bandas\/m\/megadeth.html\" class=\"linkBotao\" rel=\"nofollow noopener\" target=\"_blank\">Megadeth &#8211; Mais Novidades<\/a><br \/><a target=\"_blank\" href=\"https:\/\/www.europesays.com\/pt\/wp-content\/uploads\/2025\/08\/megadeth_mustaine_ellefson.jpg\"><img loading=\"lazy\" decoding=\"async\" src=\"https:\/\/www.europesays.com\/pt\/wp-content\/uploads\/2025\/08\/megadeth_mustaine_ellefson.jpg\" class=\"widthConstrained\" width=\"700\" height=\"394\" alt=\"Foto: Divulga\u00e7\u00e3o\"\/><\/a>Foto: Divulga\u00e7\u00e3o<\/p>\n<p><a href=\"https:\/\/whiplash.net\/materias\/news_731\/331316-megadeth.html\" rel=\"nofollow noopener\" target=\"_blank\">A segunda passagem de Ellefson chegou ao fim em maio de 2021<\/a>, ap\u00f3s o vazamento de conte\u00fado \u00edntimo. Desde ent\u00e3o, ele e Mustaine n\u00e3o trocaram mais nenhuma palavra, como revelou em recente participa\u00e7\u00e3o no podcast Rock &#8216;N&#8217; Blues Experience (via <a href=\"https:\/\/blabbermouth.net\/news\/david-ellefson-on-megadeths-farewell-tour-announcement-it-was-a-little-shocking\" rel=\"nofollow noopener\" target=\"_blank\">Blabbermouth<\/a>).<\/p>\n<p>CONTINUA DEPOIS DA PUBLICIDADE &#8211; CLI<\/p>\n<p>&#13;<br \/>\n&#13;<br \/>\n&#13;<br \/>\n&#13;<br \/>\n&#13;<br \/>\n&#13;<br \/>\n&#13;<br \/>\n&#13;<br \/>\n<a href=\"https:\/\/whiplash.net\/materias\/whiplash\/027002.html\" rel=\"nofollow noopener\" target=\"_blank\"><img decoding=\"async\" src=\"https:\/\/www.europesays.com\/pt\/wp-content\/uploads\/2025\/09\/1757351769_516_anunciar_diabo_336x280.gif\" loading=\"lazy\" width=\"336\" height=\"280\" class=\"widthConstrained\" style=\"background-color:#000000;display:block;\" alt=\"Anunciar bandas e shows de Rock e Heavy Metal\"\/><\/a>&#13;<\/p>\n<p>No bate-papo, Ellefson comentou <a href=\"https:\/\/whiplash.net\/materias\/news_680\/371919-megadeth.html\" rel=\"nofollow noopener\" target=\"_blank\">o an\u00fancio da turn\u00ea de despedida do Megadeth<\/a>. O baixista confessou que gostaria de estar presente nesse \u00faltimo cap\u00edtulo da hist\u00f3ria da banda.<\/p>\n<p>&#8220;Faz quatro anos que n\u00e3o falo com o Dave, ent\u00e3o n\u00e3o tenho ideia do motivo nem nada al\u00e9m do an\u00fancio deles [sobre a despedida] (&#8230;).<\/p>\n<p>O Dave est\u00e1 fechando as portas do <a href=\"https:\/\/whiplash.net\/bandas\/m\/megadeth.html\" class=\"hotwords\" rel=\"nofollow noopener\" target=\"_blank\">Megadeth<\/a>, e est\u00e1 fazendo isso por ele, obviamente, por seus pr\u00f3prios motivos. Acho que, em um mundo perfeito, haveria pelo menos um momento em que talvez alguns de n\u00f3s, se n\u00e3o todos, tiv\u00e9ssemos a chance de nos despedir tamb\u00e9m.&#8221;<\/p>\n<p>David Ellefson permanece ativo na cena musical. Integrante de bandas como <a href=\"https:\/\/whiplash.net\/bandas\/m\/metalallegiance.html\" class=\"hotwords\" rel=\"nofollow noopener\" target=\"_blank\">Metal Allegiance<\/a> e Dieth, ele mant\u00e9m um projeto com o vocalista <a href=\"https:\/\/whiplash.net\/bandas\/j\/jeffscottsoto.html\" class=\"hotwords\" rel=\"nofollow noopener\" target=\"_blank\">Jeff Scott Soto<\/a>, cujo trabalho mais recente \u00e9 o disco &#8220;Unbreakable&#8221;, lan\u00e7ado no dia 15 de agosto.<\/p>\n<p>CONTINUA DEPOIS DA PUBLICIDADE &#8211; GOO<\/p>\n<p>&#13;<br \/>\n&#13;<br \/>\n&#13;<br \/>\n&#13;<br \/>\n<a href=\"https:\/\/whiplash.net\/materias\/whiplash\/027002.html\" rel=\"nofollow noopener\" target=\"_blank\"><img decoding=\"async\" src=\"https:\/\/www.europesays.com\/pt\/wp-content\/uploads\/2025\/09\/1757351769_516_anunciar_diabo_336x280.gif\" loading=\"lazy\" width=\"336\" height=\"280\" alt=\"Anunciar no Whiplash.Net\"\/><\/a>&#13;<br \/>\n&#13;<br \/>\n&#13;<br \/>\n&#13;<br \/>\n&#13;<br \/>\n&#13;<br \/>\n<a href=\"https:\/\/whiplash.net\/materias\/whiplash\/027002.html\" rel=\"nofollow noopener\" target=\"_blank\"><img decoding=\"async\" src=\"https:\/\/www.europesays.com\/pt\/wp-content\/uploads\/2025\/09\/1757351769_516_anunciar_diabo_336x280.gif\" loading=\"lazy\" width=\"336\" height=\"280\" class=\"widthConstrained\" style=\"background-color:#000000;display:block;\" alt=\"Anunciar bandas e shows de Rock e Heavy Metal\"\/><\/a>&#13;<\/p>\n","protected":false},"excerpt":{"rendered":"Considerado um dos nomes mais relevantes da hist\u00f3ria do thrash metal, o Megadeth re\u00fane em sua discografia cl\u00e1ssicos&hellip;\n","protected":false},"author":2,"featured_media":26538,"comment_status":"","ping_status":"","sticky":false,"template":"","format":"standard","meta":{"footnotes":""},"categories":[141],"tags":[114,115,149,150,32,33],"class_list":{"0":"post-66304","1":"post","2":"type-post","3":"status-publish","4":"format-standard","5":"has-post-thumbnail","7":"category-musica","8":"tag-entertainment","9":"tag-entretenimento","10":"tag-music","11":"tag-musica","12":"tag-portugal","13":"tag-pt"},"share_on_mastodon":{"url":"","error":""},"_links":{"self":[{"href":"https:\/\/www.europesays.com\/pt\/wp-json\/wp\/v2\/posts\/66304","targetHints":{"allow":["GET"]}}],"collection":[{"href":"https:\/\/www.europesays.com\/pt\/wp-json\/wp\/v2\/posts"}],"about":[{"href":"https:\/\/www.europesays.com\/pt\/wp-json\/wp\/v2\/types\/post"}],"author":[{"embeddable":true,"href":"https:\/\/www.europesays.com\/pt\/wp-json\/wp\/v2\/users\/2"}],"replies":[{"embeddable":true,"href":"https:\/\/www.europesays.com\/pt\/wp-json\/wp\/v2\/comments?post=66304"}],"version-history":[{"count":0,"href":"https:\/\/www.europesays.com\/pt\/wp-json\/wp\/v2\/posts\/66304\/revisions"}],"wp:featuredmedia":[{"embeddable":true,"href":"https:\/\/www.europesays.com\/pt\/wp-json\/wp\/v2\/media\/26538"}],"wp:attachment":[{"href":"https:\/\/www.europesays.com\/pt\/wp-json\/wp\/v2\/media?parent=66304"}],"wp:term":[{"taxonomy":"category","embeddable":true,"href":"https:\/\/www.europesays.com\/pt\/wp-json\/wp\/v2\/categories?post=66304"},{"taxonomy":"post_tag","embeddable":true,"href":"https:\/\/www.europesays.com\/pt\/wp-json\/wp\/v2\/tags?post=66304"}],"curies":[{"name":"wp","href":"https:\/\/api.w.org\/{rel}","templated":true}]}}