{"id":66311,"date":"2025-09-10T22:11:24","date_gmt":"2025-09-10T22:11:24","guid":{"rendered":"https:\/\/www.europesays.com\/pt\/66311\/"},"modified":"2025-09-10T22:11:24","modified_gmt":"2025-09-10T22:11:24","slug":"desenvolvida-em-portugal-terapia-altamente-eficaz-contra-tumores-agressivos","status":"publish","type":"post","link":"https:\/\/www.europesays.com\/pt\/66311\/","title":{"rendered":"Desenvolvida em Portugal terapia &#8220;altamente eficaz&#8221; contra tumores agressivos"},"content":{"rendered":"<p class=\"wp-caption-text top\"><a href=\"https:\/\/commons.wikimedia.org\/wiki\/File:Small_intestine_neuroendocrine_tumour_high_mag.jpg\" rel=\"nofollow external noopener noreferrer\" data-wpel-link=\"external\" target=\"_blank\" class=\"ext-link\"> Nephron \/ Wikipedia<\/a><\/p>\n<p><img decoding=\"async\" loading=\"lazy\" class=\"size-kopa-image-size-3 wp-image-651574\" src=\"https:\/\/www.europesays.com\/pt\/wp-content\/uploads\/2025\/09\/6750638d7e7569c7fa6e1fa3cf0d9079-783x450.jpg\" alt=\"\" width=\"700\" height=\"402\"  \/><\/p>\n<p><strong>Uma equipa do Instituto de Investiga\u00e7\u00e3o e Inova\u00e7\u00e3o em Sa\u00fade da Universidade do Porto (i3S) desenvolveu uma nova terapia \u201caltamente eficaz\u201d contra tumores s\u00f3lidos agressivos, como os do est\u00f4mago, p\u00e2ncreas e ov\u00e1rio.<\/strong><\/p>\n<p>O estudo <a href=\"https:\/\/www.cell.com\/cell-reports-medicine\/fulltext\/S2666-3791(25)00423-9\" data-wpel-link=\"external\" target=\"_blank\" rel=\"nofollow external noopener noreferrer\" class=\"ext-link\">publicado<\/a> na segunda-feira na Cell Reports Medicine, \u201crepresenta um avan\u00e7o significativo no campo da imunoterapia, abrindo novas perspetivas para cancros com op\u00e7\u00f5es de tratamento ainda muito limitadas\u201d, descreve o i3S em comunicado enviado \u00e0 Lusa.<\/p>\n<p>De acordo com a institui\u00e7\u00e3o, est\u00e1 em causa uma \u201cestrat\u00e9gia promissora\u201d que \u201cpoder\u00e1, num futuro pr\u00f3ximo, ser aplicada no <strong>tratamento de cancros de dif\u00edcil abordagem cl\u00ednica<\/strong>\u201d.<\/p>\n<p>A nova terapia foi \u201ctestada em v\u00e1rios modelos pr\u00e9-cl\u00ednicos, desde organoides at\u00e9 modelos animais com tumores derivados de pacientes (xenotransplantes)\u201d.<\/p>\n<p><strong>Os resultados \u201cmostraram uma elimina\u00e7\u00e3o eficaz das c\u00e9lulas tumorais<\/strong>, mesmo em tumores (\u2026) com caracter\u00edsticas que normalmente representam barreiras \u00e0 efic\u00e1cia das terapias celulares, demonstrando a sensibilidade e robustez desta abordagem\u201d, indicam os investigadores.<\/p>\n<p>O trabalho focou-se \u201cnum glicano chamado Sialyl-Tn (STn), ausente em tecidos saud\u00e1veis, mas abundantemente expresso em muitos tumores de origem epitelial, como g\u00e1strico, pancre\u00e1tico e colorretal\u201d, explicou <strong>Rafaela Abrantes<\/strong>, primeira autora do artigo desenvolvido no \u00e2mbito do programa doutoral do Instituto de Ci\u00eancias Biom\u00e9dicas Abel Salazar (ICBAS).<\/p>\n<p>\u201cSelecionar um alvo tumoral altamente espec\u00edfico \u00e9 um dos fatores determinantes para o <strong>sucesso das terapias com c\u00e9lulas T<\/strong>\u201d, acrescenta a investigadora.<\/p>\n<p class=\"wp-caption-text top\">i3S<\/p>\n<p><img decoding=\"async\" loading=\"lazy\" class=\"size-kopa-image-size-3 wp-image-699810\" src=\"https:\/\/www.europesays.com\/pt\/wp-content\/uploads\/2025\/09\/4ce23e130bf70935bf87d219ab4b2989-768x450.jpg\" alt=\"\" width=\"700\" height=\"410\"  \/><\/p>\n<p class=\"wp-caption-text bot\">Rafaela Abrantes e Celso A. Reis focaram-se num glicano ausente em tecidos saud\u00e1veis, mas abundantemente expresso em muitos tumores de origem epitelial, como g\u00e1strico, pancre\u00e1tico e colorretal<\/p>\n<p>\u201cA equipa desenvolveu um novo anticorpo monoclonal, o AM52.1, que reconhece exclusivamente o glicano STn. A partir desse anticorpo, foi ent\u00e3o constru\u00eddo um recetor artificial que, expresso em c\u00e9lulas T, <strong>originou c\u00e9lulas geneticamente modificadas, as novas c\u00e9lulas CAR T<\/strong>\u201d, descreve o instituto.<\/p>\n<p><strong>Foram estas c\u00e9lulas CAR T \u201cque se revelaram altamente eficazes<\/strong> no reconhecimento e <strong>elimina\u00e7\u00e3o seletiva de c\u00e9lulas tumorais<\/strong>\u201d, esclarece o coordenador da investiga\u00e7\u00e3o, <strong>Celso A. Reis<\/strong>, l\u00edder do grupo Glycobiology in C\u00e2ncer do i3S e professor do ICBAS.<\/p>\n<p>\u201cV\u00e1rios testes funcionais mostraram que, ao reconhecerem as c\u00e9lulas tumorais que expressam o glicano de interesse, as novas c\u00e9lulas CAR T <strong>ativam-se de forma robusta, produzindo citocinas inflamat\u00f3rias e compostos t\u00f3xicos, eliminando eficientemente as c\u00e9lulas-alvo<\/strong>\u201d, indica Rafaela Abrantes, tamb\u00e9m investigadora no grupo Glycobiology in Cancer do i3S.<\/p>\n<p>    <a href=\"https:\/\/zap.aeiou.pt\/subscrever-newsletter\" data-wpel-link=\"internal\" rel=\"nofollow noopener\" target=\"_blank\">&#13;<br \/>\n        <img loading=\"lazy\" decoding=\"async\" class=\"aligncenter size-full wp-image-575475\" src=\"https:\/\/www.europesays.com\/pt\/wp-content\/uploads\/2025\/09\/2d51fe4a0ba54894421ead1809309ed9-1-450x140.jpg\" alt=\"Subscreva a Newsletter ZAP\" width=\"450\" height=\"140\"\/>&#13;<br \/>\n    <\/a><\/p>\n<p>                <a href=\"https:\/\/whatsapp.com\/channel\/0029VaIC4EE2f3EJZPPSbR34\" data-wpel-link=\"external\" target=\"_blank\" rel=\"nofollow external noopener noreferrer\" class=\"ext-link\">&#13;<br \/>\n                    <img loading=\"lazy\" decoding=\"async\" class=\"aligncenter size-full wp-image-575475\" src=\"https:\/\/www.europesays.com\/pt\/wp-content\/uploads\/2025\/09\/c68c559d956d4ca20f435ed74a6e71e6.png\" alt=\"Siga-nos no WhatsApp\" width=\"175\" height=\"64\"\/>&#13;<br \/>\n                <\/a><\/p>\n<p>                <a href=\"https:\/\/news.google.com\/publications\/CAAiEHRwZondIV71PDjWNoqMduEqFAgKIhB0cGaJ3SFe9Tw41jaKjHbh?hl=en-US&amp;gl=US&amp;ceid=US%3Aen\" data-wpel-link=\"external\" target=\"_blank\" rel=\"nofollow external noopener noreferrer\" class=\"ext-link\">&#13;<br \/>\n                    <img loading=\"lazy\" decoding=\"async\" class=\"aligncenter size-full wp-image-575475\" src=\"https:\/\/www.europesays.com\/pt\/wp-content\/uploads\/2025\/09\/5123dd8b087b644fdb8f8603acd1bad4.png\" alt=\"Siga-nos no Google News\" width=\"176\" height=\"64\"\/>&#13;<br \/>\n                <\/a><\/p>\n","protected":false},"excerpt":{"rendered":"Nephron \/ Wikipedia Uma equipa do Instituto de Investiga\u00e7\u00e3o e Inova\u00e7\u00e3o em Sa\u00fade da Universidade do Porto (i3S)&hellip;\n","protected":false},"author":2,"featured_media":66312,"comment_status":"","ping_status":"","sticky":false,"template":"","format":"standard","meta":{"footnotes":""},"categories":[10],"tags":[27,28,15,16,14,25,26,21,22,1208,12,13,19,20,7225,32,23,24,33,117,17,18,29,30,31],"class_list":{"0":"post-66311","1":"post","2":"type-post","3":"status-publish","4":"format-standard","5":"has-post-thumbnail","7":"category-portugal","8":"tag-breaking-news","9":"tag-breakingnews","10":"tag-featured-news","11":"tag-featurednews","12":"tag-headlines","13":"tag-latest-news","14":"tag-latestnews","15":"tag-main-news","16":"tag-mainnews","17":"tag-medicina","18":"tag-news","19":"tag-noticias","20":"tag-noticias-principais","21":"tag-noticiasprincipais","22":"tag-oncologia","23":"tag-portugal","24":"tag-principais-noticias","25":"tag-principaisnoticias","26":"tag-pt","27":"tag-saude","28":"tag-top-stories","29":"tag-topstories","30":"tag-ultimas","31":"tag-ultimas-noticias","32":"tag-ultimasnoticias"},"share_on_mastodon":{"url":"","error":""},"_links":{"self":[{"href":"https:\/\/www.europesays.com\/pt\/wp-json\/wp\/v2\/posts\/66311","targetHints":{"allow":["GET"]}}],"collection":[{"href":"https:\/\/www.europesays.com\/pt\/wp-json\/wp\/v2\/posts"}],"about":[{"href":"https:\/\/www.europesays.com\/pt\/wp-json\/wp\/v2\/types\/post"}],"author":[{"embeddable":true,"href":"https:\/\/www.europesays.com\/pt\/wp-json\/wp\/v2\/users\/2"}],"replies":[{"embeddable":true,"href":"https:\/\/www.europesays.com\/pt\/wp-json\/wp\/v2\/comments?post=66311"}],"version-history":[{"count":0,"href":"https:\/\/www.europesays.com\/pt\/wp-json\/wp\/v2\/posts\/66311\/revisions"}],"wp:featuredmedia":[{"embeddable":true,"href":"https:\/\/www.europesays.com\/pt\/wp-json\/wp\/v2\/media\/66312"}],"wp:attachment":[{"href":"https:\/\/www.europesays.com\/pt\/wp-json\/wp\/v2\/media?parent=66311"}],"wp:term":[{"taxonomy":"category","embeddable":true,"href":"https:\/\/www.europesays.com\/pt\/wp-json\/wp\/v2\/categories?post=66311"},{"taxonomy":"post_tag","embeddable":true,"href":"https:\/\/www.europesays.com\/pt\/wp-json\/wp\/v2\/tags?post=66311"}],"curies":[{"name":"wp","href":"https:\/\/api.w.org\/{rel}","templated":true}]}}