{"id":66315,"date":"2025-09-10T22:13:08","date_gmt":"2025-09-10T22:13:08","guid":{"rendered":"https:\/\/www.europesays.com\/pt\/66315\/"},"modified":"2025-09-10T22:13:08","modified_gmt":"2025-09-10T22:13:08","slug":"viih-tube-mostra-barriga-sarada-em-viagem-apos-combo-de-cirurgias","status":"publish","type":"post","link":"https:\/\/www.europesays.com\/pt\/66315\/","title":{"rendered":"Viih Tube mostra barriga sarada em viagem ap\u00f3s combo de cirurgias"},"content":{"rendered":"<p class=\"my-5 break-words group-[.isActiveSource]:text-xl\">A influenciadora<strong class=\"group-[.isActiveSource]:text-xl group-[.isActiveSource]:font-bold\"> Viih Tube<\/strong>, 25, compartilhou novas fotos nesta quarta-feira (10) e exibiu a barriga sarada durante a viagem nas Ilhas Maur\u00edcio, ap\u00f3s passar por um combo de cirurgias pl\u00e1sticas em julho.<\/p>\n<p class=\"my-5 break-words group-[.isActiveSource]:text-xl\">&#8220;Gente do c\u00e9u, que para\u00edso&#8221;, escreveu na legenda da publica\u00e7\u00e3o. Na ter\u00e7a (9), a <a href=\"https:\/\/www.cnnbrasil.com.br\/entretenimento\/viih-tube-rebate-criticas-por-mostrar-o-corpo-apos-combo-de-cirurgias\/\" class=\"text-red-600 underline hover:text-red-500 font-medium break-words group-[.isActiveSource]:text-xl\" target=\"_self\" rel=\"nofollow noopener\">influenciadora<\/a> tamb\u00e9m compartilhou um v\u00eddeo na praia privativa do resort, onde est\u00e1 hospedada com Eliezer na \u00c1frica Oriental.<\/p>\n<p class=\"my-5 break-words group-[.isActiveSource]:text-xl\">Essa \u00e9 a\u00a0<a class=\"text-red-600 underline hover:text-red-500 font-medium break-words group-[.isActiveSource]:text-xl\" href=\"https:\/\/www.cnnbrasil.com.br\/entretenimento\/viih-tube-desabafa-sobre-primeira-viagem-sem-os-filhos\/\" target=\"_blank\" rel=\"noopener noreferrer nofollow\">primeira viagem de Viih Tube sem os filhos<\/a>. A ex-BBB afirmou estar com um &#8220;sentimento doido&#8221;, j\u00e1 que mesmo nervosa, est\u00e1 tranquila ao deix\u00e1-los aos cuidados da fam\u00edlia e das bab\u00e1s. O casal \u00e9 pai de\u00a0<strong class=\"group-[.isActiveSource]:text-xl group-[.isActiveSource]:font-bold group-[.isActiveSource]:text-xl group-[.isActiveSource]:font-bold group-[.isActiveSource]:text-xl group-[.isActiveSource]:font-bold\">Lua,<\/strong>\u00a02, e de\u00a0<strong class=\"group-[.isActiveSource]:text-xl group-[.isActiveSource]:font-bold group-[.isActiveSource]:text-xl group-[.isActiveSource]:font-bold group-[.isActiveSource]:text-xl group-[.isActiveSource]:font-bold\">Ravi,<\/strong> de nove meses.<\/p>\n<p class=\"my-5 break-words group-[.isActiveSource]:text-xl\">Em julho, meses ap\u00f3s o nascimento do ca\u00e7ula, Viih Tube resolveu passar por diversas cirurgias pl\u00e1sticas como, por exemplo, lipoaspira\u00e7\u00e3o e abdominoplastia.<\/p>\n<p>Cirurgias pl\u00e1sticas<\/p>\n<p class=\"my-5 break-words my-5 break-words group-[.isActiveSource]:text-xl my-5 break-words group-[.isActiveSource]:text-xl my-5 break-words group-[.isActiveSource]:text-xl my-5 break-words group-[.isActiveSource]:text-xl my-5 break-words group-[.isActiveSource]:text-xl\">A empres\u00e1ria\u00a0<a class=\"text-red-600 underline hover:text-red-500 font-medium break-words group-[.isActiveSource]:text-xl\" href=\"https:\/\/www.cnnbrasil.com.br\/entretenimento\/viih-tube-revela-cirurgias-que-fez-apos-gestacao-entenda\/\" target=\"_blank\" rel=\"noopener noreferrer nofollow\">optou por fazer<\/a>\u00a0lipoaspira\u00e7\u00e3o nas costas e nos bra\u00e7os, abdominoplastia, corre\u00e7\u00e3o de di\u00e1stase abdominal, corre\u00e7\u00e3o de h\u00e9rnia umbilical e redu\u00e7\u00e3o e dos seios.<\/p>\n<p class=\"my-5 break-words my-5 break-words my-5 break-words my-5 break-words my-5 break-words group-[.isActiveSource]:text-xl my-5 break-words group-[.isActiveSource]:text-xl my-5 break-words group-[.isActiveSource]:text-xl my-5 break-words group-[.isActiveSource]:text-xl my-5 break-words group-[.isActiveSource]:text-xl\" data-start=\"516\" data-end=\"769\"><a class=\"text-red-600 underline hover:text-red-500 font-medium break-words group-[.isActiveSource]:text-xl\" href=\"https:\/\/www.cnnbrasil.com.br\/entretenimento\/viih-tube-leva-mais-de-10-malas-em-viagem-e-eliezer-reclama-veja\/\" target=\"_blank\" rel=\"noopener noreferrer nofollow\">Viih Tube<\/a>\u00a0contou em suas redes sociais anteriormente que perdeu 15 quilos com treinos e reeduca\u00e7\u00e3o alimentar. Ela j\u00e1 havia comentado que gostaria de remover o excesso de pele ap\u00f3s o emagrecimento.<\/p>\n<p class=\"my-5 break-words my-5 break-words my-5 break-words my-5 break-words my-5 break-words group-[.isActiveSource]:text-xl my-5 break-words group-[.isActiveSource]:text-xl my-5 break-words group-[.isActiveSource]:text-xl my-5 break-words group-[.isActiveSource]:text-xl my-5 break-words group-[.isActiveSource]:text-xl\" data-start=\"516\" data-end=\"769\">A\u00a0<a class=\"text-red-600 underline hover:text-red-500 font-medium break-words group-[.isActiveSource]:text-xl\" href=\"https:\/\/www.cnnbrasil.com.br\/saude\/hernia-inguinal-entenda-o-que-essa-condicao-comum-e-os-primeiros-sinais\/\" target=\"_blank\" rel=\"noopener noreferrer nofollow\">h\u00e9rnia<\/a>\u00a0umbilical, por outro lado,\u00a0condi\u00e7\u00e3o que a fez precisar de cirurgia, \u00e9\u00a0<a class=\"text-red-600 underline hover:text-red-500 font-medium break-words group-[.isActiveSource]:text-xl\" href=\"https:\/\/www.cnnbrasil.com.br\/entretenimento\/apos-2a-gestacao-viih-tube-diz-que-perdeu-a-vontade-de-ficar-gravida-de-novo\/\" target=\"_blank\" rel=\"noopener noreferrer nofollow\">comum ap\u00f3s gesta\u00e7\u00f5es<\/a>.<\/p>\n<p class=\"my-5 break-words group-[.isActiveSource]:text-xl my-5 break-words group-[.isActiveSource]:text-xl\" data-start=\"516\" data-end=\"769\">Algumas semanas ap\u00f3s os procedimentos ela\u00a0<a class=\"text-red-600 underline hover:text-red-500 font-medium break-words group-[.isActiveSource]:text-xl\" href=\"https:\/\/www.cnnbrasil.com.br\/entretenimento\/apos-cirurgias-plasticas-viih-tube-comemora-diminuicao-de-manequim\/\" target=\"_blank\" rel=\"noopener noreferrer nofollow\">comemorou que conseguiu vestir uma cal\u00e7a de tamanho pequeno<\/a>. De acordo com ela, ap\u00f3s dar \u00e0 luz seus dois filhos \u2014 Lua e Ravi, fruto do relacionamento com o ex-BBB Eliezer \u2014, ela chegou a usar cal\u00e7as 46 e agora est\u00e1 feliz por ter conseguido vestir PP.<\/p>\n<p class=\"my-5 break-words group-[.isActiveSource]:text-xl\">Confira:<\/p>\n<blockquote class=\"instagram-media !mx-auto\" style=\"background:#FFF;border:0;border-radius:3px;box-shadow:0 0 1px 0 rgba(0,0,0,0.5),0 1px 10px 0 rgba(0,0,0,0.15);margin:1px;max-width:540px;min-width:326px;padding:0;width:calc(100% - 2px)\" data-instgrm-captioned=\"\" data-instgrm-permalink=\"https:\/\/www.instagram.com\/p\/DObY-fTgkmr\/?utm_source=ig_embed&amp;utm_campaign=loading\" data-instgrm-version=\"14\">\n<\/blockquote>\n<p><script async src=\"\/\/www.instagram.com\/embed.js\"><\/script><\/p>\n","protected":false},"excerpt":{"rendered":"A influenciadora Viih Tube, 25, compartilhou novas fotos nesta quarta-feira (10) e exibiu a barriga sarada durante a&hellip;\n","protected":false},"author":2,"featured_media":66316,"comment_status":"","ping_status":"","sticky":false,"template":"","format":"standard","meta":{"footnotes":""},"categories":[145],"tags":[211,210,114,115,32,33],"class_list":{"0":"post-66315","1":"post","2":"type-post","3":"status-publish","4":"format-standard","5":"has-post-thumbnail","7":"category-celebridades","8":"tag-celebridades","9":"tag-celebrities","10":"tag-entertainment","11":"tag-entretenimento","12":"tag-portugal","13":"tag-pt"},"share_on_mastodon":{"url":"","error":""},"_links":{"self":[{"href":"https:\/\/www.europesays.com\/pt\/wp-json\/wp\/v2\/posts\/66315","targetHints":{"allow":["GET"]}}],"collection":[{"href":"https:\/\/www.europesays.com\/pt\/wp-json\/wp\/v2\/posts"}],"about":[{"href":"https:\/\/www.europesays.com\/pt\/wp-json\/wp\/v2\/types\/post"}],"author":[{"embeddable":true,"href":"https:\/\/www.europesays.com\/pt\/wp-json\/wp\/v2\/users\/2"}],"replies":[{"embeddable":true,"href":"https:\/\/www.europesays.com\/pt\/wp-json\/wp\/v2\/comments?post=66315"}],"version-history":[{"count":0,"href":"https:\/\/www.europesays.com\/pt\/wp-json\/wp\/v2\/posts\/66315\/revisions"}],"wp:featuredmedia":[{"embeddable":true,"href":"https:\/\/www.europesays.com\/pt\/wp-json\/wp\/v2\/media\/66316"}],"wp:attachment":[{"href":"https:\/\/www.europesays.com\/pt\/wp-json\/wp\/v2\/media?parent=66315"}],"wp:term":[{"taxonomy":"category","embeddable":true,"href":"https:\/\/www.europesays.com\/pt\/wp-json\/wp\/v2\/categories?post=66315"},{"taxonomy":"post_tag","embeddable":true,"href":"https:\/\/www.europesays.com\/pt\/wp-json\/wp\/v2\/tags?post=66315"}],"curies":[{"name":"wp","href":"https:\/\/api.w.org\/{rel}","templated":true}]}}