{"id":66317,"date":"2025-09-10T22:14:14","date_gmt":"2025-09-10T22:14:14","guid":{"rendered":"https:\/\/www.europesays.com\/pt\/66317\/"},"modified":"2025-09-10T22:14:14","modified_gmt":"2025-09-10T22:14:14","slug":"fotografo-de-pocos-tem-imagem-selecionada-no-8o-festival-de-fotografia-de-paranapiacaba-brand-news-brand-news-2","status":"publish","type":"post","link":"https:\/\/www.europesays.com\/pt\/66317\/","title":{"rendered":"Fot\u00f3grafo de Po\u00e7os tem imagem selecionada no 8\u00ba Festival de Fotografia de Paranapiacaba Brand-News Brand-News"},"content":{"rendered":"<p>08\/09\/2025 16h00 &#8211; Atualizado h\u00e1 2 dias<\/p>\n<p>\t\t<a href=\"https:\/\/www.europesays.com\/pt\/wp-content\/uploads\/2025\/09\/08094512_PANO0001-P.jpg\" title=\"A beleza natural do Rio Verde\" data-gallery=\"\">&#13;<br \/>\n\t\t<img decoding=\"async\" src=\"https:\/\/www.europesays.com\/pt\/wp-content\/uploads\/2025\/09\/08094512_PANO0001-P.jpg\" align=\"left\" alt=\"Fot\u00f3grafo de Po\u00e7os tem imagem selecionada no 8\u00ba Festival de Fotografia de Paranapiacaba\" class=\"img-responsive\"\/>&#13;<br \/>\n\t\t<\/a><\/p>\n<p>A beleza natural do Rio Verde<\/p>\n<p align=\"center\">\u00a0<\/p>\n<p>O fot\u00f3grafo <strong>Ricardo Costa<\/strong>, de Po\u00e7os de Caldas, teve uma de suas imagens selecionadas para a oitava edi\u00e7\u00e3o do <strong>Festival de Fotografia de Paranapiacaba<\/strong>, um dos eventos mais reconhecidos da \u00e1rea no Brasil. Entre as 3.200 fotografias inscritas de diversos profissionais e artistas visuais, apenas 57 foram escolhidas para compor a exposi\u00e7\u00e3o, e Ricardo est\u00e1 entre os selecionados.<\/p>\n<p>A edi\u00e7\u00e3o de 2025 acontece nos dias 13 e 14 de setembro, na hist\u00f3rica vila de <strong>Paranapiacaba (SP)<\/strong>, e traz como tema central a \u00e1gua, elemento que conecta as obras apresentadas. Dentro dessa proposta, a fotografia escolhida por Ricardo retrata o <strong>Rio Verde<\/strong>, localizado na cidade mineira de <strong>Concei\u00e7\u00e3o do Rio Verde<\/strong>, destacando a beleza natural e a for\u00e7a simb\u00f3lica desse recurso t\u00e3o essencial.<\/p>\n<p>\u201c\u00c9 uma grande satisfa\u00e7\u00e3o ter uma imagem minha selecionada entre tantas inscritas. Isso mostra a for\u00e7a da fotografia mineira e refor\u00e7a meu compromisso em registrar as belezas do nosso estado\u201d, afirma Ricardo.<\/p>\n<p>Com acesso gratuito, a agenda do festival re\u00fane exposi\u00e7\u00f5es, oficinas, debates, feira e lan\u00e7amentos de livros, revisitando a mem\u00f3ria visual e celebrando a diversidade da fotografia contempor\u00e2nea. O evento acontece em diferentes espa\u00e7os culturais da vila, com destaque para a\u00a0<strong>antiga esta\u00e7\u00e3o ferrovi\u00e1ria<\/strong>, erguida no final do s\u00e9culo XIX e tombada pelo\u00a0<strong>patrim\u00f4nio hist\u00f3ric<\/strong>o.<\/p>\n<p>\u00a0<\/p>\n<p><strong>SERVI\u00c7O:<\/strong><br \/><strong style=\"font-size: 16px;\">8\u00ba Festival de Fotografia de Paranapiacaba<\/strong><br \/><strong style=\"font-size: 16px;\">Dias:<\/strong> 13 e 14 de setembro<br \/><strong style=\"font-size: 16px;\">Site:<\/strong> <a href=\"http:\/\/www.ffparanapiacaba.com.br\/\" style=\"font-size: 16px;\" rel=\"nofollow noopener\" target=\"_blank\">www.ffparanapiacaba.com.br<\/a><br \/><strong style=\"font-size: 16px;\">Redes sociais:<\/strong> <a href=\"https:\/\/www.instagram.com\/festivalfotobrasil\/\" rel=\"nofollow noopener\" target=\"_blank\">@festivalfotobrasil<\/a><\/p>\n<p><\/p>\n<p>FONTE: FONTE E FOTO: Ricardo Costa<\/p>\n<p>      <script async src=\"\/\/www.instagram.com\/embed.js\"><\/script><\/p>\n","protected":false},"excerpt":{"rendered":"08\/09\/2025 16h00 &#8211; Atualizado h\u00e1 2 dias &#13; &#13; A beleza natural do Rio Verde \u00a0 O fot\u00f3grafo&hellip;\n","protected":false},"author":2,"featured_media":63781,"comment_status":"","ping_status":"","sticky":false,"template":"","format":"standard","meta":{"footnotes":""},"categories":[144],"tags":[207,205,206,203,201,202,204,114,115,32,33],"class_list":{"0":"post-66317","1":"post","2":"type-post","3":"status-publish","4":"format-standard","5":"has-post-thumbnail","7":"category-arte-e-design","8":"tag-arte","9":"tag-arte-e-design","10":"tag-artedesign","11":"tag-arts","12":"tag-arts-and-design","13":"tag-artsanddesign","14":"tag-design","15":"tag-entertainment","16":"tag-entretenimento","17":"tag-portugal","18":"tag-pt"},"share_on_mastodon":{"url":"","error":""},"_links":{"self":[{"href":"https:\/\/www.europesays.com\/pt\/wp-json\/wp\/v2\/posts\/66317","targetHints":{"allow":["GET"]}}],"collection":[{"href":"https:\/\/www.europesays.com\/pt\/wp-json\/wp\/v2\/posts"}],"about":[{"href":"https:\/\/www.europesays.com\/pt\/wp-json\/wp\/v2\/types\/post"}],"author":[{"embeddable":true,"href":"https:\/\/www.europesays.com\/pt\/wp-json\/wp\/v2\/users\/2"}],"replies":[{"embeddable":true,"href":"https:\/\/www.europesays.com\/pt\/wp-json\/wp\/v2\/comments?post=66317"}],"version-history":[{"count":0,"href":"https:\/\/www.europesays.com\/pt\/wp-json\/wp\/v2\/posts\/66317\/revisions"}],"wp:featuredmedia":[{"embeddable":true,"href":"https:\/\/www.europesays.com\/pt\/wp-json\/wp\/v2\/media\/63781"}],"wp:attachment":[{"href":"https:\/\/www.europesays.com\/pt\/wp-json\/wp\/v2\/media?parent=66317"}],"wp:term":[{"taxonomy":"category","embeddable":true,"href":"https:\/\/www.europesays.com\/pt\/wp-json\/wp\/v2\/categories?post=66317"},{"taxonomy":"post_tag","embeddable":true,"href":"https:\/\/www.europesays.com\/pt\/wp-json\/wp\/v2\/tags?post=66317"}],"curies":[{"name":"wp","href":"https:\/\/api.w.org\/{rel}","templated":true}]}}