{"id":66318,"date":"2025-09-10T22:15:16","date_gmt":"2025-09-10T22:15:16","guid":{"rendered":"https:\/\/www.europesays.com\/pt\/66318\/"},"modified":"2025-09-10T22:15:16","modified_gmt":"2025-09-10T22:15:16","slug":"na-zn-feijao-letrado-doa-livros-e-transforma-escolas-em-espacos-de-imaginacao-e-cultura","status":"publish","type":"post","link":"https:\/\/www.europesays.com\/pt\/66318\/","title":{"rendered":"Na ZN, Feij\u00e3o Letrado doa livros e transforma escolas em espa\u00e7os de imagina\u00e7\u00e3o e cultura"},"content":{"rendered":"<p>        <a href=\"https:\/\/www.europesays.com\/pt\/wp-content\/uploads\/2025\/09\/Feijao02escola.jpg\" data-caption=\"Foto: Divulga\u00e7\u00e3o\/Andr\u00e9 Murer\"><img loading=\"lazy\" decoding=\"async\" width=\"600\" height=\"349\" class=\"entry-thumb td-modal-image\" src=\"https:\/\/www.europesays.com\/pt\/wp-content\/uploads\/2025\/09\/Feijao02escola.jpg\"   alt=\"\" title=\"Feija\u0303o02escola\"\/><\/a>Foto: Divulga\u00e7\u00e3o\/Andr\u00e9 Murer<br \/>\n        Tempo de Leitura:   3 minutos<\/p>\n<p style=\"text-align: justify;\" data-start=\"119\" data-end=\"594\">A leitura \u00e9 uma das portas mais eficazes para transformar vidas. Na Zona Norte de S\u00e3o Paulo, essa ideia ganha for\u00e7a com a chegada do projeto <strong data-start=\"261\" data-end=\"279\">Feij\u00e3o Letrado<\/strong>, que distribuir\u00e1 livros em escolas p\u00fablicas e institui\u00e7\u00f5es sociais, sempre acompanhado de a\u00e7\u00f5es culturais que aproximam crian\u00e7as do universo liter\u00e1rio.<\/p>\n<p style=\"text-align: justify;\" data-start=\"119\" data-end=\"594\">A proposta n\u00e3o \u00e9 apenas entregar obras, mas criar experi\u00eancias que cultivem o gosto pela leitura e formem futuros cidad\u00e3os mais cr\u00edticos, criativos e conscientes.<\/p>\n<p style=\"text-align: justify;\" data-start=\"596\" data-end=\"1117\">Entre os dias 16 e 19 de setembro, com exclusividade aos alunos de cinco escolas da regi\u00e3o, que receber\u00e3o 1.505 livros, al\u00e9m de estantes personalizadas e oficinas art\u00edsticas. O projeto, que j\u00e1 contabiliza mais de 25 mil livros doados em todo o pa\u00eds, tornou-se refer\u00eancia nacional no incentivo \u00e0 leitura.<\/p>\n<p><img fetchpriority=\"high\" decoding=\"async\" class=\"wp-image-58770 size-full\" src=\"https:\/\/www.europesays.com\/pt\/wp-content\/uploads\/2025\/09\/Feijao.jpg\" alt=\"\" width=\"600\" height=\"376\"  \/>Reginaldo Menegazzo e Genivaldo Amorim, Foto: Divulga\u00e7\u00e3o\/Andr\u00e9 Murer<\/p>\n<p style=\"text-align: justify;\" data-start=\"596\" data-end=\"1117\">Criado durante a pandemia por <strong data-start=\"892\" data-end=\"915\">Reginaldo Menegazzo<\/strong> e <strong data-start=\"918\" data-end=\"938\">Genivaldo Amorim<\/strong>, o <strong>Feij\u00e3o Letrado<\/strong> nasceu como resposta \u00e0 falta de acesso aos livros em comunidades carentes, quando muitas fam\u00edlias recebiam cestas b\u00e1sicas, mas n\u00e3o tinham acesso \u00e0 literatura.<\/p>\n<p style=\"text-align: justify;\" data-start=\"596\" data-end=\"1117\">O impacto \u00e9 direto na comunidade escolar. Professores, gestores e fam\u00edlias veem no projeto a oportunidade de ampliar repert\u00f3rios, incentivar pr\u00e1ticas de leitura e fortalecer v\u00ednculos afetivos em sala de aula. Ao aproximar estudantes do livro f\u00edsico, o <strong>Feij\u00e3o Letrado<\/strong> combate a evas\u00e3o da leitura no cotidiano digital e refor\u00e7a a import\u00e2ncia do contato humano em atividades culturais.<\/p>\n<p><img loading=\"lazy\" decoding=\"async\" class=\"wp-image-58771 size-full\" src=\"https:\/\/www.europesays.com\/pt\/wp-content\/uploads\/2025\/09\/feijao04.jpg\" alt=\"\" width=\"600\" height=\"333\"  \/>Foto: Divulga\u00e7\u00e3o\/Andr\u00e9 Murer<br \/>\nLivros,\u00a0 arte e mem\u00f3rias<\/p>\n<p style=\"text-align: justify;\" data-start=\"1119\" data-end=\"1546\">O grande diferencial est\u00e1 na integra\u00e7\u00e3o entre livros e arte. Cada entrega \u00e9 acompanhada por apresenta\u00e7\u00f5es de artistas, conta\u00e7\u00e3o de hist\u00f3rias e oficinas de brinquedos recicl\u00e1veis. O objetivo \u00e9 fazer da escola um ambiente mais acolhedor, no qual a imagina\u00e7\u00e3o se soma ao aprendizado. As estantes coloridas, criadas pelo<strong> artista pl\u00e1stico Filiage,<\/strong> s\u00e3o outro atrativo que transforma a biblioteca em espa\u00e7o l\u00fadico e convidativo.<\/p>\n<p><img loading=\"lazy\" decoding=\"async\" class=\"wp-image-58769\" src=\"https:\/\/www.europesays.com\/pt\/wp-content\/uploads\/2025\/09\/Feijao03-259x300.jpg\" alt=\"\" width=\"135\" height=\"157\"  \/>Reginaldo Menegazzo \u2013 Foto: Divulga\u00e7\u00e3o\/Andr\u00e9 Murer<\/p>\n<p style=\"text-align: justify;\" data-start=\"1548\" data-end=\"1925\">Para os organizadores, n\u00e3o se trata apenas de doar, mas de criar mem\u00f3rias. \u201cCom as estantes, os livros e as oficinas, conseguimos despertar nas crian\u00e7as a curiosidade e o prazer de ler\u201d, explica <strong>Menegazzo<\/strong>. Esse contato inicial com a literatura busca competir com celulares, redes sociais e jogos eletr\u00f4nicos, oferecendo \u00e0s crian\u00e7as outra forma de divers\u00e3o e conhecimento.<\/p>\n<p style=\"text-align: justify;\" data-start=\"1548\" data-end=\"1925\">O apoio cultural<\/p>\n<p style=\"text-align: justify;\" data-start=\"1927\" data-end=\"2423\">A a\u00e7\u00e3o \u00e9 viabilizada pela <strong data-start=\"1953\" data-end=\"1991\">Lei Federal de Incentivo \u00e0 Cultura<\/strong> e pelo <strong data-start=\"1999\" data-end=\"2024\">Minist\u00e9rio da Cultura<\/strong>, com patroc\u00ednio da <strong>Ind\u00fastria Gr\u00e1fica Foroni<\/strong>, que h\u00e1 mais de um s\u00e9culo faz parte da rotina escolar de milh\u00f5es de brasileiros \u2014 produz e comercializa de artigos de papelaria e produtos para escrit\u00f3rio, como cadernos, agendas, blocos e livros.\u00a0Segundo a supervisora de marketing\u00a0 <strong data-start=\"2190\" data-end=\"2211\">Jackeline Hickman<\/strong>, apoiar o <strong>Feij\u00e3o Letrado<\/strong> \u00e9 refor\u00e7ar a cren\u00e7a de que a leitura tem poder transformador. \u201c\u00c9 uma alegria contribuir com um projeto que leva livros, imagina\u00e7\u00e3o e novas possibilidades para tantas crian\u00e7as\u201d, afirma.<\/p>\n<p style=\"text-align: justify;\" data-start=\"2811\" data-end=\"3295\">Com sua quinta temporada em andamento, o projeto soma 122 entregas realizadas em diferentes cidades brasileiras, consolidando-se como a maior iniciativa de doa\u00e7\u00e3o de livros para escolas e institui\u00e7\u00f5es p\u00fablicas no pa\u00eds. Mais do que n\u00fameros, a proposta constr\u00f3i uma rede de esperan\u00e7a e aprendizado. Na Zona Norte, as crian\u00e7as ser\u00e3o as principais beneficiadas \u2014 mas o efeito alcan\u00e7a toda a comunidade, que passa a valorizar a cultura e a educa\u00e7\u00e3o como ferramentas de transforma\u00e7\u00e3o.<\/p>\n<p><b>Servi\u00e7o<img loading=\"lazy\" decoding=\"async\" class=\"aligncenter wp-image-58759 size-full\" src=\"https:\/\/www.europesays.com\/pt\/wp-content\/uploads\/2025\/09\/escolas-quadro-e1757520139455.jpg\" alt=\"\" width=\"500\" height=\"589\"\/><\/b><\/p>\n<p style=\"text-align: justify;\"><strong><img loading=\"lazy\" decoding=\"async\" class=\" wp-image-58765 alignleft\" src=\"https:\/\/www.europesays.com\/pt\/wp-content\/uploads\/2025\/09\/Feijao-logo-branco-285x300.jpg\" alt=\"\" width=\"160\" height=\"168\"  \/><\/strong>Fundado em 2021 pelos produtores culturais <strong>Reginaldo Menegazzo (<\/strong>Campinas-SP) e <strong>Genivaldo Amorim <\/strong>(Valinhos-SP), o <strong>Projeto Feij\u00e3o Letrado<\/strong> come\u00e7ou como uma campanha para incluir livros infantis em cestas b\u00e1sicas doadas a fam\u00edlias carentes durante a pandemia. A iniciativa, que buscava incentivar a leitura durante o per\u00edodo de isolamento social, foi mantida, ampliada e acabou se transformando na maior doadora de livros a escolas e institui\u00e7\u00f5es p\u00fablicas do Brasil. Com apoio de leis de incentivo e financiamento de empresas de diversos setores, j\u00e1 distribuiu mais de 25 mil exemplares de variados autores.<\/p>\n<p>&gt;<\/p>\n<p>\u00a0<\/p>\n","protected":false},"excerpt":{"rendered":"Foto: Divulga\u00e7\u00e3o\/Andr\u00e9 Murer Tempo de Leitura: 3 minutos A leitura \u00e9 uma das portas mais eficazes para transformar&hellip;\n","protected":false},"author":2,"featured_media":66319,"comment_status":"","ping_status":"","sticky":false,"template":"","format":"standard","meta":{"footnotes":""},"categories":[143],"tags":[169,114,115,170,32,33],"class_list":{"0":"post-66318","1":"post","2":"type-post","3":"status-publish","4":"format-standard","5":"has-post-thumbnail","7":"category-livros","8":"tag-books","9":"tag-entertainment","10":"tag-entretenimento","11":"tag-livros","12":"tag-portugal","13":"tag-pt"},"share_on_mastodon":{"url":"","error":""},"_links":{"self":[{"href":"https:\/\/www.europesays.com\/pt\/wp-json\/wp\/v2\/posts\/66318","targetHints":{"allow":["GET"]}}],"collection":[{"href":"https:\/\/www.europesays.com\/pt\/wp-json\/wp\/v2\/posts"}],"about":[{"href":"https:\/\/www.europesays.com\/pt\/wp-json\/wp\/v2\/types\/post"}],"author":[{"embeddable":true,"href":"https:\/\/www.europesays.com\/pt\/wp-json\/wp\/v2\/users\/2"}],"replies":[{"embeddable":true,"href":"https:\/\/www.europesays.com\/pt\/wp-json\/wp\/v2\/comments?post=66318"}],"version-history":[{"count":0,"href":"https:\/\/www.europesays.com\/pt\/wp-json\/wp\/v2\/posts\/66318\/revisions"}],"wp:featuredmedia":[{"embeddable":true,"href":"https:\/\/www.europesays.com\/pt\/wp-json\/wp\/v2\/media\/66319"}],"wp:attachment":[{"href":"https:\/\/www.europesays.com\/pt\/wp-json\/wp\/v2\/media?parent=66318"}],"wp:term":[{"taxonomy":"category","embeddable":true,"href":"https:\/\/www.europesays.com\/pt\/wp-json\/wp\/v2\/categories?post=66318"},{"taxonomy":"post_tag","embeddable":true,"href":"https:\/\/www.europesays.com\/pt\/wp-json\/wp\/v2\/tags?post=66318"}],"curies":[{"name":"wp","href":"https:\/\/api.w.org\/{rel}","templated":true}]}}