{"id":66325,"date":"2025-09-10T22:20:18","date_gmt":"2025-09-10T22:20:18","guid":{"rendered":"https:\/\/www.europesays.com\/pt\/66325\/"},"modified":"2025-09-10T22:20:18","modified_gmt":"2025-09-10T22:20:18","slug":"setembro-verde-prevencao-ao-cancer-colorretal-comeca-com-a-colonoscopia","status":"publish","type":"post","link":"https:\/\/www.europesays.com\/pt\/66325\/","title":{"rendered":"SETEMBRO VERDE: PREVEN\u00c7\u00c3O AO C\u00c2NCER COLORRETAL COME\u00c7A COM A COLONOSCOPIA"},"content":{"rendered":"<p>O c\u00e2ncer colorretal, tamb\u00e9m conhecido como tumor de intestino, cresce silenciosamente e muitas vezes s\u00f3 apresenta sintomas em est\u00e1gios mais avan\u00e7ados. O alerta \u00e9 da gastroenterologista do Itaigara Memorial Gastro-Hepato Endoscopia, Neogelia Almeida, que refor\u00e7a a import\u00e2ncia da realiza\u00e7\u00e3o da colonoscopia e da ado\u00e7\u00e3o de h\u00e1bitos saud\u00e1veis.<\/p>\n<p>\u201cExames como a colonoscopia s\u00e3o fundamentais, mesmo sem sintomas a partir de 45 anos, e de forma mais precoce em pessoas com hist\u00f3rico familiar de p\u00f3lipos ou c\u00e2ncer intestinal, pois podem diagnosticar les\u00f5es no in\u00edcio e at\u00e9 remover p\u00f3lipos que poderiam evoluir para c\u00e2ncer. Al\u00e9m disso, mudan\u00e7as no estilo de vida, a pr\u00e1tica regular de exerc\u00edcios f\u00edsicos, a elimina\u00e7\u00e3o do tabagismo, \u00e1lcool e do consumo de alimentos ultraprocessados tamb\u00e9m ajudam na preven\u00e7\u00e3o\u201d, explica a m\u00e9dica.<\/p>\n<p>A campanha Setembro Verde \u00e9 liderada pela Sociedade Brasileira de Coloproctologia e pela ABRAPRECI (Associa\u00e7\u00e3o Brasileira de Preven\u00e7\u00e3o do C\u00e2ncer de Intestino). Segundo dados da Funda\u00e7\u00e3o do C\u00e2ncer, os casos de c\u00e2ncer intestinal no Brasil devem crescer 21% entre 2030 e 2040, passando dos atuais 48 mil para 71 mil diagn\u00f3sticos, um aumento relacionado ao envelhecimento populacional e \u00e0 difus\u00e3o de h\u00e1bitos pouco saud\u00e1veis, especialmente na alimenta\u00e7\u00e3o.<\/p>\n<p>Entre os sinais de alerta que merecem aten\u00e7\u00e3o est\u00e3o a presen\u00e7a de sangue nas fezes, altera\u00e7\u00f5es persistentes do h\u00e1bito intestinal, c\u00f3licas frequentes, sensa\u00e7\u00e3o de evacua\u00e7\u00e3o incompleta, fadiga, perda de peso e anemia cr\u00f4nica. \u201c\u00c9 importante observar mudan\u00e7as recorrentes nos h\u00e1bitos intestinais, como constipa\u00e7\u00e3o ou diarreia frequente, mesmo que sutis, pois podem indicar altera\u00e7\u00f5es precoces do intestino\u201d, alerta a gastroenterologista.<\/p>\n<p>O Itaigara Memorial Gastro-Hepato Endoscopia, um dos maiores centros de gastroenterologia do Norte-Nordeste, oferece suporte completo desde consultas at\u00e9 a realiza\u00e7\u00e3o de exames e procedimentos cir\u00fargicos em hospital dia.<\/p>\n","protected":false},"excerpt":{"rendered":"O c\u00e2ncer colorretal, tamb\u00e9m conhecido como tumor de intestino, cresce silenciosamente e muitas vezes s\u00f3 apresenta sintomas em&hellip;\n","protected":false},"author":2,"featured_media":66326,"comment_status":"","ping_status":"","sticky":false,"template":"","format":"standard","meta":{"footnotes":""},"categories":[86],"tags":[1714,116,32,33,117],"class_list":{"0":"post-66325","1":"post","2":"type-post","3":"status-publish","4":"format-standard","5":"has-post-thumbnail","7":"category-saude","8":"tag-dormir","9":"tag-health","10":"tag-portugal","11":"tag-pt","12":"tag-saude"},"share_on_mastodon":{"url":"","error":""},"_links":{"self":[{"href":"https:\/\/www.europesays.com\/pt\/wp-json\/wp\/v2\/posts\/66325","targetHints":{"allow":["GET"]}}],"collection":[{"href":"https:\/\/www.europesays.com\/pt\/wp-json\/wp\/v2\/posts"}],"about":[{"href":"https:\/\/www.europesays.com\/pt\/wp-json\/wp\/v2\/types\/post"}],"author":[{"embeddable":true,"href":"https:\/\/www.europesays.com\/pt\/wp-json\/wp\/v2\/users\/2"}],"replies":[{"embeddable":true,"href":"https:\/\/www.europesays.com\/pt\/wp-json\/wp\/v2\/comments?post=66325"}],"version-history":[{"count":0,"href":"https:\/\/www.europesays.com\/pt\/wp-json\/wp\/v2\/posts\/66325\/revisions"}],"wp:featuredmedia":[{"embeddable":true,"href":"https:\/\/www.europesays.com\/pt\/wp-json\/wp\/v2\/media\/66326"}],"wp:attachment":[{"href":"https:\/\/www.europesays.com\/pt\/wp-json\/wp\/v2\/media?parent=66325"}],"wp:term":[{"taxonomy":"category","embeddable":true,"href":"https:\/\/www.europesays.com\/pt\/wp-json\/wp\/v2\/categories?post=66325"},{"taxonomy":"post_tag","embeddable":true,"href":"https:\/\/www.europesays.com\/pt\/wp-json\/wp\/v2\/tags?post=66325"}],"curies":[{"name":"wp","href":"https:\/\/api.w.org\/{rel}","templated":true}]}}