{"id":66329,"date":"2025-09-10T22:26:40","date_gmt":"2025-09-10T22:26:40","guid":{"rendered":"https:\/\/www.europesays.com\/pt\/66329\/"},"modified":"2025-09-10T22:26:40","modified_gmt":"2025-09-10T22:26:40","slug":"afonso-leitao-faz-promessa-inesperada-a-catarina-miranda-antes-da-final-do-big-brother-verao","status":"publish","type":"post","link":"https:\/\/www.europesays.com\/pt\/66329\/","title":{"rendered":"Afonso Leit\u00e3o faz promessa inesperada a Catarina Miranda antes da final do \u201cBig Brother Ver\u00e3o\u201d"},"content":{"rendered":"<p>Afonso Leit\u00e3o faz promessa inesperada a Catarina Miranda antes da final do \u201c<a href=\"https:\/\/tvi.iol.pt\/bigbrother\" rel=\"nofollow noopener\" target=\"_blank\">Big Brother Ver\u00e3o<\/a>\u201d, para uma conversa.<\/p>\n<p>Um jantar marcado para depois da gala<\/p>\n<p>A poucos dias da grande final do <strong>\u201cBig Brother Ver\u00e3o\u201d<\/strong>, Catarina Miranda voltou a falar sobre o futuro fora da casa. Para a tranquilizar, <strong>Afonso Leit\u00e3o<\/strong> decidiu revelar que j\u00e1 tem planos garantidos para os dois.<\/p>\n<p>O concorrente prometeu \u00e0 ribatejana que no s\u00e1bado, logo ap\u00f3s a gala, v\u00e3o jantar juntos. Mais ainda, explicou que n\u00e3o deixou nada ao acaso:<br \/><strong>\u201cJ\u00e1 pedi para fazerem reserva l\u00e1 fora. J\u00e1!\u201d<\/strong><\/p>\n<p>Catarina Miranda surpreendida com a revela\u00e7\u00e3o<\/p>\n<p>No decorrer da conversa, a jovem questionou:<br \/><strong>\u201cMarcaste o restaurante?\u201d<\/strong><br \/>Afonso respondeu sem hesitar:<br \/><strong>\u201cPor acaso, j\u00e1.\u201d<\/strong><\/p>\n<p>Ainda assim, o ex-militar recusou jurar sobre o assunto, justificando a decis\u00e3o com firmeza:<br \/><strong>\u201cN\u00e3o preciso de jurar, porque n\u00e3o sou mentiroso e n\u00e3o preciso disso.\u201d<\/strong><\/p>\n<p>Expectativa cresce fora da casa<\/p>\n<p>Com a promessa de um jantar marcado, os f\u00e3s j\u00e1 especulam sobre se este encontro poder\u00e1 significar um novo cap\u00edtulo na rela\u00e7\u00e3o entre os dois concorrentes. No entanto, a resposta definitiva s\u00f3 ser\u00e1 conhecida ap\u00f3s a final.<\/p>\n<p><a href=\"https:\/\/news.google.com\/publications\/CAAqBwgKMKfIoAswtNK4Aw\" target=\"_blank\" rel=\"noopener noreferrer nofollow\"><img loading=\"lazy\" data-lazyloaded=\"1\" width=\"481\" height=\"161\" decoding=\"async\" src=\"\/wp-content\/uploads\/2024\/02\/GN_siganos.png\" alt=\"Siga-nos no Google News\" style=\"margin-top:20px;\"\/><\/a><\/p>\n","protected":false},"excerpt":{"rendered":"Afonso Leit\u00e3o faz promessa inesperada a Catarina Miranda antes da final do \u201cBig Brother Ver\u00e3o\u201d, para uma conversa.&hellip;\n","protected":false},"author":2,"featured_media":27999,"comment_status":"","ping_status":"","sticky":false,"template":"","format":"standard","meta":{"footnotes":""},"categories":[8],"tags":[2031,1170,27,28,342,15,16,14,25,26,21,22,12,13,19,20,32,23,24,33,17,18,29,30,31],"class_list":{"0":"post-66329","1":"post","2":"type-post","3":"status-publish","4":"format-standard","5":"has-post-thumbnail","7":"category-principais-noticias","8":"tag-afonso-leitao","9":"tag-big-brother-verao","10":"tag-breaking-news","11":"tag-breakingnews","12":"tag-catarina-miranda","13":"tag-featured-news","14":"tag-featurednews","15":"tag-headlines","16":"tag-latest-news","17":"tag-latestnews","18":"tag-main-news","19":"tag-mainnews","20":"tag-news","21":"tag-noticias","22":"tag-noticias-principais","23":"tag-noticiasprincipais","24":"tag-portugal","25":"tag-principais-noticias","26":"tag-principaisnoticias","27":"tag-pt","28":"tag-top-stories","29":"tag-topstories","30":"tag-ultimas","31":"tag-ultimas-noticias","32":"tag-ultimasnoticias"},"share_on_mastodon":{"url":"","error":""},"_links":{"self":[{"href":"https:\/\/www.europesays.com\/pt\/wp-json\/wp\/v2\/posts\/66329","targetHints":{"allow":["GET"]}}],"collection":[{"href":"https:\/\/www.europesays.com\/pt\/wp-json\/wp\/v2\/posts"}],"about":[{"href":"https:\/\/www.europesays.com\/pt\/wp-json\/wp\/v2\/types\/post"}],"author":[{"embeddable":true,"href":"https:\/\/www.europesays.com\/pt\/wp-json\/wp\/v2\/users\/2"}],"replies":[{"embeddable":true,"href":"https:\/\/www.europesays.com\/pt\/wp-json\/wp\/v2\/comments?post=66329"}],"version-history":[{"count":0,"href":"https:\/\/www.europesays.com\/pt\/wp-json\/wp\/v2\/posts\/66329\/revisions"}],"wp:featuredmedia":[{"embeddable":true,"href":"https:\/\/www.europesays.com\/pt\/wp-json\/wp\/v2\/media\/27999"}],"wp:attachment":[{"href":"https:\/\/www.europesays.com\/pt\/wp-json\/wp\/v2\/media?parent=66329"}],"wp:term":[{"taxonomy":"category","embeddable":true,"href":"https:\/\/www.europesays.com\/pt\/wp-json\/wp\/v2\/categories?post=66329"},{"taxonomy":"post_tag","embeddable":true,"href":"https:\/\/www.europesays.com\/pt\/wp-json\/wp\/v2\/tags?post=66329"}],"curies":[{"name":"wp","href":"https:\/\/api.w.org\/{rel}","templated":true}]}}