{"id":66330,"date":"2025-09-10T22:27:08","date_gmt":"2025-09-10T22:27:08","guid":{"rendered":"https:\/\/www.europesays.com\/pt\/66330\/"},"modified":"2025-09-10T22:27:08","modified_gmt":"2025-09-10T22:27:08","slug":"cristina-ferreira-exibe-os-mimos-que-recebeu-no-seu-aniversario-incluindo-um-muito-especial-que-recebeu-do-filho","status":"publish","type":"post","link":"https:\/\/www.europesays.com\/pt\/66330\/","title":{"rendered":"Cristina Ferreira exibe os mimos que recebeu no seu anivers\u00e1rio \u2014 incluindo um muito especial, que recebeu do filho"},"content":{"rendered":"<p data-end=\"450\" data-start=\"161\">De regresso a Lisboa ap\u00f3s celebrar o seu 48.\u00ba anivers\u00e1rio em Ibiza ao lado do namorado, Jo\u00e3o Monteiro, e de alguns dos seus amigos mais pr\u00f3ximos, Cristina Ferreira partilhou nas redes sociais os gestos carinhosos que recebeu por este dia especial. Entre eles, sobressaiu de forma especialmente emotiva o presente do filho Tiago, de 17 anos.<\/p>\n<p data-end=\"733\" data-start=\"507\">Ainda no aeroporto, a apresentadora foi surpreendida pela amiga de longa data, Catarina Duarte, com um bonito arranjo de flores. O gesto foi registado nas suas redes sociais, simbolizando o carinho e a cumplicidade que os une.<\/p>\n<p data-end=\"733\" data-start=\"507\">Cristina Ferreira partilhou ainda com os seguidores o bouquet de flores que recebeu de Jo\u00e3o Monteiro, acompanhado da legenda:\u00a0<\/p>\n<blockquote data-end=\"1386\" data-start=\"1326\">\n<p data-end=\"1386\" data-start=\"1328\">\u201cO meu amor \u00e9 lindo\u201d\u00a0<\/p>\n<\/blockquote>\n<p>O presente mais especial: \u201c\u00d3scar de Melhor M\u00e3e do Mundo\u201d <\/p>\n<p data-end=\"953\" data-start=\"797\">J\u00e1 em casa, Cristina Ferreira revelou um peluche e uma estatueta simb\u00f3lica de \u201cMelhor M\u00e3e do Mundo\u201d, presente do filho Tiago. Comovida, escreveu na legenda:<\/p>\n<blockquote data-end=\"1044\" data-start=\"954\">\n<p data-end=\"1044\" data-start=\"956\">\u201cAcabei de receber o \u00d3scar de melhor m\u00e3e do mundo\u201d<\/p>\n<\/blockquote>\n<p data-end=\"1134\" data-start=\"1046\">Este presente reflete n\u00e3o s\u00f3 criatividade como toda a liga\u00e7\u00e3o afetiva entre m\u00e3e e filho.<\/p>\n<p data-end=\"1134\" data-start=\"1046\">O tema foi comentado no V+ Fama desta quarta-feira, 10 de setembro de 2025.<\/p>\n<p data-end=\"1134\" data-start=\"1046\">Cristina Ferreira, que raramente exp\u00f5e o filho publicamente, partilhou esta vez um momento \u00edntimo e terno, real\u00e7ando a import\u00e2ncia da fam\u00edlia como alicerce da sua vida. Recorde-se que, ao celebrar recentemente os 17 anos de Tiago, a apresentadora escreveu simplesmente \u201c17 anos depois\u201d numa imagem sua com o filho rec\u00e9m-nascido, evidenciando o carinho e o valor que atribui \u00e0 sua maternidade.<\/p>\n<p data-end=\"1841\" data-start=\"1411\">Veja alguns registos dos festejos em Ibiza, nas galerias em cima.<\/p>\n","protected":false},"excerpt":{"rendered":"De regresso a Lisboa ap\u00f3s celebrar o seu 48.\u00ba anivers\u00e1rio em Ibiza ao lado do namorado, Jo\u00e3o Monteiro,&hellip;\n","protected":false},"author":2,"featured_media":66331,"comment_status":"","ping_status":"","sticky":false,"template":"","format":"standard","meta":{"footnotes":""},"categories":[145],"tags":[73,996,72,66,211,210,166,114,115,77,69,75,71,67,32,33,76,74,70,35,78,68],"class_list":{"0":"post-66330","1":"post","2":"type-post","3":"status-publish","4":"format-standard","5":"has-post-thumbnail","7":"category-celebridades","8":"tag-a-jornada","9":"tag-aniversario","10":"tag-bate-bola","11":"tag-bom-dia-alegria","12":"tag-celebridades","13":"tag-celebrities","14":"tag-cristina-ferreira","15":"tag-entertainment","16":"tag-entretenimento","17":"tag-estudio-estadio","18":"tag-fanaticos","19":"tag-livre-e-direto","20":"tag-nova-geracao","21":"tag-para-si","22":"tag-portugal","23":"tag-pt","24":"tag-segredos-do-prazer","25":"tag-segue-o-jogo","26":"tag-super-craques","27":"tag-transferencias","28":"tag-v-fama","29":"tag-var-aberto"},"share_on_mastodon":{"url":"","error":""},"_links":{"self":[{"href":"https:\/\/www.europesays.com\/pt\/wp-json\/wp\/v2\/posts\/66330","targetHints":{"allow":["GET"]}}],"collection":[{"href":"https:\/\/www.europesays.com\/pt\/wp-json\/wp\/v2\/posts"}],"about":[{"href":"https:\/\/www.europesays.com\/pt\/wp-json\/wp\/v2\/types\/post"}],"author":[{"embeddable":true,"href":"https:\/\/www.europesays.com\/pt\/wp-json\/wp\/v2\/users\/2"}],"replies":[{"embeddable":true,"href":"https:\/\/www.europesays.com\/pt\/wp-json\/wp\/v2\/comments?post=66330"}],"version-history":[{"count":0,"href":"https:\/\/www.europesays.com\/pt\/wp-json\/wp\/v2\/posts\/66330\/revisions"}],"wp:featuredmedia":[{"embeddable":true,"href":"https:\/\/www.europesays.com\/pt\/wp-json\/wp\/v2\/media\/66331"}],"wp:attachment":[{"href":"https:\/\/www.europesays.com\/pt\/wp-json\/wp\/v2\/media?parent=66330"}],"wp:term":[{"taxonomy":"category","embeddable":true,"href":"https:\/\/www.europesays.com\/pt\/wp-json\/wp\/v2\/categories?post=66330"},{"taxonomy":"post_tag","embeddable":true,"href":"https:\/\/www.europesays.com\/pt\/wp-json\/wp\/v2\/tags?post=66330"}],"curies":[{"name":"wp","href":"https:\/\/api.w.org\/{rel}","templated":true}]}}