{"id":6634,"date":"2025-07-29T08:24:17","date_gmt":"2025-07-29T08:24:17","guid":{"rendered":"https:\/\/www.europesays.com\/pt\/6634\/"},"modified":"2025-07-29T08:24:17","modified_gmt":"2025-07-29T08:24:17","slug":"suzana-alves-expoe-crises-de-panico-por-causa-da-tiazinha","status":"publish","type":"post","link":"https:\/\/www.europesays.com\/pt\/6634\/","title":{"rendered":"Suzana Alves exp\u00f5e crises de p\u00e2nico por causa da Tiazinha"},"content":{"rendered":"<p><a href=\"https:\/\/natelinha.uol.com.br\/famosos\/tudo-sobre\/suzana-alves\" rel=\"nofollow noopener\" target=\"_blank\">Suzana Alves<\/a>, a eterna Tiazinha, abriu o cora\u00e7\u00e3o e revelou que enfrentou muitos problemas em raz\u00e3o da exposi\u00e7\u00e3o da personagem nos anos 90, a ponto de desenvolver crises de p\u00e2nico e ser diagnosticada com\u00a0TAG (Transtorno de Ansiedade Generalizada).<\/p>\n<p>&#8220;Eu tenho TAG (Transtorno de Ansiedade Generalizada) e n\u00e3o sabia disso, passei minha vida toda muito ansiosa. Depois descobri o TDH. Na minha vida passei por in\u00fameras situa\u00e7\u00f5es que me fizeram entrar na crise da s\u00edndrome do p\u00e2nico. Passei por situa\u00e7\u00f5es que eu n\u00e3o sa\u00eda de casa, se sa\u00edsse era toda coberta, de bon\u00e9, com muitas roupas, sempre me cobrindo para me esconder&#8221;,\u00a0comentou a ex-atriz no seu podcast, o 6+1.<\/p>\n<p>+ <a href=\"https:\/\/natelinha.uol.com.br\/famosos\/2025\/07\/28\/nicole-bahls-revela-porque-batiza-animais-com-nomes-de-famosos-229152.php\" rel=\"nofollow noopener\" target=\"_blank\">Nicole Bahls revela porque batiza animais com nomes de famosos<\/a><\/p>\n<p>continua depois da publicidade<\/p>\n<p>+ <a href=\"https:\/\/natelinha.uol.com.br\/famosos\/2025\/07\/28\/renato-aragao-rompe-o-silencio-sobre-romance-com-xuxa-meneghel-229147.php\" rel=\"nofollow noopener\" target=\"_blank\">Renato Arag\u00e3o rompe o sil\u00eancio sobre romance com Xuxa Meneghel<\/a><\/p>\n<p>&#8220;Eu tamb\u00e9m tinha mania de persegui\u00e7\u00e3o. Eu entrava no carro e achava que algu\u00e9m tinha instalado uma c\u00e2mera, a \u00fanica pessoa que eu n\u00e3o tinha paranoia era minha m\u00e3e&#8221;, relatou Suzana Alves.<\/p>\n<p>Suzana Alves fala sobre religi\u00e3o<\/p>\n<p><img decoding=\"async\" class=\"horizontal\" src=\"https:\/\/www.europesays.com\/pt\/wp-content\/uploads\/2025\/07\/suzana-alves_2647.jpeg\" alt=\"Suzana Alves exp\u00f5e crises de p\u00e2nico por causa da Tiazinha\"\/><\/p>\n<p>No desabafo, Suzana Alves, que se tornou evang\u00e9lica h\u00e1 20 anos, explicou que a mudan\u00e7a a fez ter uma nova vis\u00e3o das coisas.\u00a0&#8220;Lembro que o primeiro pensamento que tive depois do meu encontro com Deus foi de futuro e esperan\u00e7a. &#8216;Como que eu n\u00e3o sabia que poderia ter um futuro?&#8217;. O Senhor come\u00e7ou a renovar minha mente, mas durou cinco anos, foi p\u00f3s-fama, p\u00f3s-sucesso&#8221;, contou.<\/p>\n<p>continua depois da publicidade<\/p>\n<p>&#8220;Estava num buraco onde n\u00e3o tinha mais amigo nenhum, ningu\u00e9m aceitou minha mudan\u00e7a, que tinha a ver com o fato de eu querer estudar, casar, ter uma fam\u00edlia. Um lugar de muito sofrimento, lugar de n\u00e3o querer viver, eu n\u00e3o tinha esperan\u00e7as. Eu estava sem vida, n\u00e3o pensava em nada positivo, era s\u00f3 escurid\u00e3o&#8221;, revelou Suzana.<\/p>\n<p>&#8220;Eu tive que passar por isso sozinha. Eu tinha vergonha de falar para as pessoas e acharem que sou maluca&#8221;, concluiu a famosa.<\/p>\n","protected":false},"excerpt":{"rendered":"Suzana Alves, a eterna Tiazinha, abriu o cora\u00e7\u00e3o e revelou que enfrentou muitos problemas em raz\u00e3o da exposi\u00e7\u00e3o&hellip;\n","protected":false},"author":2,"featured_media":6635,"comment_status":"","ping_status":"","sticky":false,"template":"","format":"standard","meta":{"footnotes":""},"categories":[145],"tags":[211,210,114,115,32,33,3429],"class_list":{"0":"post-6634","1":"post","2":"type-post","3":"status-publish","4":"format-standard","5":"has-post-thumbnail","7":"category-celebridades","8":"tag-celebridades","9":"tag-celebrities","10":"tag-entertainment","11":"tag-entretenimento","12":"tag-portugal","13":"tag-pt","14":"tag-suzana-alves"},"share_on_mastodon":{"url":"","error":""},"_links":{"self":[{"href":"https:\/\/www.europesays.com\/pt\/wp-json\/wp\/v2\/posts\/6634","targetHints":{"allow":["GET"]}}],"collection":[{"href":"https:\/\/www.europesays.com\/pt\/wp-json\/wp\/v2\/posts"}],"about":[{"href":"https:\/\/www.europesays.com\/pt\/wp-json\/wp\/v2\/types\/post"}],"author":[{"embeddable":true,"href":"https:\/\/www.europesays.com\/pt\/wp-json\/wp\/v2\/users\/2"}],"replies":[{"embeddable":true,"href":"https:\/\/www.europesays.com\/pt\/wp-json\/wp\/v2\/comments?post=6634"}],"version-history":[{"count":0,"href":"https:\/\/www.europesays.com\/pt\/wp-json\/wp\/v2\/posts\/6634\/revisions"}],"wp:featuredmedia":[{"embeddable":true,"href":"https:\/\/www.europesays.com\/pt\/wp-json\/wp\/v2\/media\/6635"}],"wp:attachment":[{"href":"https:\/\/www.europesays.com\/pt\/wp-json\/wp\/v2\/media?parent=6634"}],"wp:term":[{"taxonomy":"category","embeddable":true,"href":"https:\/\/www.europesays.com\/pt\/wp-json\/wp\/v2\/categories?post=6634"},{"taxonomy":"post_tag","embeddable":true,"href":"https:\/\/www.europesays.com\/pt\/wp-json\/wp\/v2\/tags?post=6634"}],"curies":[{"name":"wp","href":"https:\/\/api.w.org\/{rel}","templated":true}]}}