{"id":66344,"date":"2025-09-10T22:40:18","date_gmt":"2025-09-10T22:40:18","guid":{"rendered":"https:\/\/www.europesays.com\/pt\/66344\/"},"modified":"2025-09-10T22:40:18","modified_gmt":"2025-09-10T22:40:18","slug":"menino-encontrado-ao-abandono-em-aveiro-fugiu-descalco-12-km-aos-maus-tratos-da-familia","status":"publish","type":"post","link":"https:\/\/www.europesays.com\/pt\/66344\/","title":{"rendered":"Menino encontrado ao abandono em Aveiro. Fugiu descal\u00e7o 12 km aos maus-tratos da fam\u00edlia"},"content":{"rendered":"<p class=\"wp-caption-text top\"><a href=\"https:\/\/www.freepik.com\/free-photo\/little-boy-outdoors-upset-holding-his-toy_12976637.htm#query=child%20abuse&amp;position=0&amp;from_view=search&amp;track=ais\" rel=\"nofollow external noopener noreferrer\" data-wpel-link=\"external\" target=\"_blank\" class=\"ext-link\">Freepik<\/a><\/p>\n<p><img decoding=\"async\" loading=\"lazy\" class=\"size-kopa-image-size-3 wp-image-562441\" src=\"https:\/\/www.europesays.com\/pt\/wp-content\/uploads\/2025\/09\/cdeea0ced34cf48ab39a5c2bb7b5a71a-783x450.jpg\" alt=\"pedofilia abuso sexual abuso infantil crian\u00e7a a chorar\" width=\"700\" height=\"402\"  \/><\/p>\n<p><strong>Uma crian\u00e7a de 12 anos andou 12 km descal\u00e7o com v\u00e1rios hematomas no corpo para fugir aos maus-tratos da fam\u00edlia. Tinha sido violentada por n\u00e3o cumprir as tarefas dom\u00e9sticas. M\u00e3e da v\u00edtima e companheiro foram identificados.<br \/><\/strong><\/p>\n<p>No desespero, conseguiu fugir de casa. O <strong>menino andou 12 quil\u00f3metros<\/strong>, at\u00e9 ser encontrado a deambular sozinho e <strong>descal\u00e7o<\/strong>, em Aradas, uma zona perto do centro de Aveiro, por um morador que o levou \u00e0 pol\u00edcia.<\/p>\n<p>Segundo o <a href=\"https:\/\/www.cmjornal.pt\/portugal\/detalhe\/menino-andou-12-km-descalco-com-hematomas-no-pescoco-e-no-rosto-para-fugir-a-maus-tratos-da-familia\" data-wpel-link=\"external\" target=\"_blank\" rel=\"nofollow external noopener noreferrer\" class=\"ext-link\">Correio da Manh\u00e3<\/a>, o menino tinha <strong>hematomas no pesco\u00e7o e no rosto<\/strong>.<\/p>\n<p>Na PSP, a crian\u00e7a ter\u00e1 confirmado que foi agredida, por familiares, <strong>por n\u00e3o ter cumprido tarefas dom\u00e9sticas que lhe tinham sido atribu\u00eddas<\/strong>.<\/p>\n<p>A PSP encaminhou o menino para o hospital de Aveiro; tendo ficado internado numa unidade hospitalar como medida de preven\u00e7\u00e3o e para garantir a sua seguran\u00e7a.<\/p>\n<p>Segundo o CM, a PSP sinalizou o caso \u00e0 Comiss\u00e3o de Prote\u00e7\u00e3o de Crian\u00e7as e Jovens de Aveiro (CPCJ). O caso foi, tamb\u00e9m, comunicado ao comando distrital da GNR, porque as agress\u00f5es ter\u00e3o sido praticadas, alegadamente, numa habita\u00e7\u00e3o em \u00e1rea de jurisdi\u00e7\u00e3o da Guarda Nacional Republicana.<\/p>\n<p>Na sequ\u00eancia das dilig\u00eancias de uma investiga\u00e7\u00e3o por suspeitas de maus-tratos, a <strong>PSP j\u00e1 identificou a m\u00e3e da v\u00edtima, assim como o seu companheiro<\/strong>.<\/p>\n<p>    <a href=\"https:\/\/zap.aeiou.pt\/subscrever-newsletter\" data-wpel-link=\"internal\" rel=\"nofollow noopener\" target=\"_blank\">&#13;<br \/>\n        <img loading=\"lazy\" decoding=\"async\" class=\"aligncenter size-full wp-image-575475\" src=\"https:\/\/www.europesays.com\/pt\/wp-content\/uploads\/2025\/09\/2d51fe4a0ba54894421ead1809309ed9-1-450x140.jpg\" alt=\"Subscreva a Newsletter ZAP\" width=\"450\" height=\"140\"\/>&#13;<br \/>\n    <\/a><\/p>\n<p>                <a href=\"https:\/\/whatsapp.com\/channel\/0029VaIC4EE2f3EJZPPSbR34\" data-wpel-link=\"external\" target=\"_blank\" rel=\"nofollow external noopener noreferrer\" class=\"ext-link\">&#13;<br \/>\n                    <img loading=\"lazy\" decoding=\"async\" class=\"aligncenter size-full wp-image-575475\" src=\"https:\/\/www.europesays.com\/pt\/wp-content\/uploads\/2025\/09\/c68c559d956d4ca20f435ed74a6e71e6.png\" alt=\"Siga-nos no WhatsApp\" width=\"175\" height=\"64\"\/>&#13;<br \/>\n                <\/a><\/p>\n<p>                <a href=\"https:\/\/news.google.com\/publications\/CAAiEHRwZondIV71PDjWNoqMduEqFAgKIhB0cGaJ3SFe9Tw41jaKjHbh?hl=en-US&amp;gl=US&amp;ceid=US%3Aen\" data-wpel-link=\"external\" target=\"_blank\" rel=\"nofollow external noopener noreferrer\" class=\"ext-link\">&#13;<br \/>\n                    <img loading=\"lazy\" decoding=\"async\" class=\"aligncenter size-full wp-image-575475\" src=\"https:\/\/www.europesays.com\/pt\/wp-content\/uploads\/2025\/09\/5123dd8b087b644fdb8f8603acd1bad4.png\" alt=\"Siga-nos no Google News\" width=\"176\" height=\"64\"\/>&#13;<br \/>\n                <\/a><\/p>\n","protected":false},"excerpt":{"rendered":"Freepik Uma crian\u00e7a de 12 anos andou 12 km descal\u00e7o com v\u00e1rios hematomas no corpo para fugir aos&hellip;\n","protected":false},"author":2,"featured_media":66345,"comment_status":"","ping_status":"","sticky":false,"template":"","format":"standard","meta":{"footnotes":""},"categories":[8],"tags":[11973,1563,27,28,269,838,15,16,14,25,26,21,22,12,13,19,20,32,23,24,1306,33,17,18,29,30,31,3218],"class_list":{"0":"post-66344","1":"post","2":"type-post","3":"status-publish","4":"format-standard","5":"has-post-thumbnail","7":"category-principais-noticias","8":"tag-abusos","9":"tag-aveiro","10":"tag-breaking-news","11":"tag-breakingnews","12":"tag-capa","13":"tag-criancas","14":"tag-featured-news","15":"tag-featurednews","16":"tag-headlines","17":"tag-latest-news","18":"tag-latestnews","19":"tag-main-news","20":"tag-mainnews","21":"tag-news","22":"tag-noticias","23":"tag-noticias-principais","24":"tag-noticiasprincipais","25":"tag-portugal","26":"tag-principais-noticias","27":"tag-principaisnoticias","28":"tag-psp","29":"tag-pt","30":"tag-top-stories","31":"tag-topstories","32":"tag-ultimas","33":"tag-ultimas-noticias","34":"tag-ultimasnoticias","35":"tag-violencia-domestica"},"share_on_mastodon":{"url":"","error":""},"_links":{"self":[{"href":"https:\/\/www.europesays.com\/pt\/wp-json\/wp\/v2\/posts\/66344","targetHints":{"allow":["GET"]}}],"collection":[{"href":"https:\/\/www.europesays.com\/pt\/wp-json\/wp\/v2\/posts"}],"about":[{"href":"https:\/\/www.europesays.com\/pt\/wp-json\/wp\/v2\/types\/post"}],"author":[{"embeddable":true,"href":"https:\/\/www.europesays.com\/pt\/wp-json\/wp\/v2\/users\/2"}],"replies":[{"embeddable":true,"href":"https:\/\/www.europesays.com\/pt\/wp-json\/wp\/v2\/comments?post=66344"}],"version-history":[{"count":0,"href":"https:\/\/www.europesays.com\/pt\/wp-json\/wp\/v2\/posts\/66344\/revisions"}],"wp:featuredmedia":[{"embeddable":true,"href":"https:\/\/www.europesays.com\/pt\/wp-json\/wp\/v2\/media\/66345"}],"wp:attachment":[{"href":"https:\/\/www.europesays.com\/pt\/wp-json\/wp\/v2\/media?parent=66344"}],"wp:term":[{"taxonomy":"category","embeddable":true,"href":"https:\/\/www.europesays.com\/pt\/wp-json\/wp\/v2\/categories?post=66344"},{"taxonomy":"post_tag","embeddable":true,"href":"https:\/\/www.europesays.com\/pt\/wp-json\/wp\/v2\/tags?post=66344"}],"curies":[{"name":"wp","href":"https:\/\/api.w.org\/{rel}","templated":true}]}}