{"id":66346,"date":"2025-09-10T22:41:10","date_gmt":"2025-09-10T22:41:10","guid":{"rendered":"https:\/\/www.europesays.com\/pt\/66346\/"},"modified":"2025-09-10T22:41:10","modified_gmt":"2025-09-10T22:41:10","slug":"tudo-sobre-a-festa-de-1-ano-de-jose-leonardo","status":"publish","type":"post","link":"https:\/\/www.europesays.com\/pt\/66346\/","title":{"rendered":"tudo sobre a festa de 1 ano de Jos\u00e9 Leonardo"},"content":{"rendered":"<p>Jos\u00e9 Leonardo, ca\u00e7ula de Virginia Fonseca e Z\u00e9 Felipe, completou um ano e ganhou uma festa na ter\u00e7a-feira (9), em Goi\u00e2nia, Goi\u00e1s. O evento, que reuniu os familiares do ex-casal, contou com um bolo de 200 kg e algumas exig\u00eancias da influenciadora digital.<\/p>\n<p>continua depois da publicidade<\/p>\n<p>O bolo foi confeccionado por Denilson Lima e mobilizou mais de 15 pessoas durante duas semanas de trabalho. &#8220;Foram 2 semanas de trabalho intenso para dar vida a esse bolo de dois metros e meio de altura e 200 kg de peso&#8221;, revelou ele, \u00e0 Quem, contando ainda que a estrutura exigiu muito planejamento, inclusive no que se referia a transporte.<\/p>\n<p>+\u00a0<a href=\"https:\/\/natelinha.uol.com.br\/televisao\/2025\/09\/10\/prefeitura-de-sao-paulo-homenageia-silvio-santos-com-nome-de-centro-educacional-231127.php\" rel=\"nofollow noopener\" target=\"_blank\">Prefeitura de S\u00e3o Paulo homenageia Silvio Santos com nome de centro educacional<\/a><\/p>\n<p>+\u00a0<a href=\"https:\/\/natelinha.uol.com.br\/famosos\/2025\/09\/10\/o-casamento-da-cantora-brasileira-que-pode-promover-o-encontro-de-lula-e-trump-231126.php\" rel=\"nofollow noopener\" target=\"_blank\">O casamento da cantora brasileira que pode promover o encontro de Lula e Trump<\/a><\/p>\n<p>continua depois da publicidade<\/p>\n<p>&#8220;Foi preciso, no m\u00ednimo, seis pessoas apenas para levantar esse gigante, que marcou a celebra\u00e7\u00e3o como um verdadeiro acontecimento. Cada detalhe foi pintado \u00e0 m\u00e3o, em um processo art\u00edstico que envolveu mais de 15 colaboradores para chegar \u00e0 perfei\u00e7\u00e3o&#8221;, pontuou Denilson.<\/p>\n<p>A estrutura do bolo, segundo o confeiteiro, foi toda comest\u00edvel: &#8220;A estrutura imponente traz cavalos, vacas e elementos do campo em a\u00e7\u00facar, incluindo uma casa e um monumento que traduziram a ess\u00eancia da festa&#8221;.<\/p>\n<blockquote class=\"instagram-media\" data-instgrm-captioned=\"\" data-instgrm-version=\"7\" style=\"width:100%;\"><p>\n\t\t\t\t\t\t\t\t\t<a href=\"https:\/\/www.instagram.com\/p\/DOZdF1XD1Mm\/\" rel=\"nofollow noopener\" target=\"_blank\">\n\t\t\t\t\t\t\t\t<\/p><\/blockquote>\n<p>continua depois da publicidade<\/p>\n<p>Virginia Fonseca fez exig\u00eancias<\/p>\n<p>M\u00e3e do aniversariante, Virginia Fonseca fez algumas exig\u00eancias quando encomendou o bolo de Jos\u00e9 Leonardo para Denilson Lima. Como a blogueira n\u00e3o come chocolate, o sabor da guloseima teve que ser outro.<\/p>\n<p>&#8220;Como a Virg\u00ednia n\u00e3o come chocolate, criamos um bolo especial de tr\u00eas leites com frutas vermelhas. Ainda fizemos outro \u00e0 parte, com recheio de casadinho&#8221;, explicou.<\/p>\n<p>Segundo o confeiteiro, por\u00e9m, a influenciadora digital n\u00e3o pediu nada que seguisse alguma dieta: &#8220;Ela come doce, sempre pede: nada fitness. A confian\u00e7a da Virg\u00ednia em nosso trabalho nos permitiu criar algo \u00fanico, exclusivo e inesquec\u00edvel&#8221;.<\/p>\n<p>continua depois da publicidade<\/p>\n<blockquote class=\"instagram-media\" data-instgrm-captioned=\"\" data-instgrm-version=\"7\" style=\"width:100%;\"><p>\n\t\t\t\t\t\t\t\t\t<a href=\"https:\/\/www.instagram.com\/p\/DOZeOBmkqHS\/\" rel=\"nofollow noopener\" target=\"_blank\">\n\t\t\t\t\t\t\t\t<\/p><\/blockquote>\n<p>Mais sobre a festa do ca\u00e7ula de Virginia e Z\u00e9 Felipe<\/p>\n<p>Antes da festa que celebrou o primeiro aninho de Jos\u00e9 Leonardo, <a href=\"https:\/\/natelinha.uol.com.br\/famosos\/tudo-sobre\/virginia-fonseca\" rel=\"nofollow noopener\" target=\"_blank\">Virginia Fonseca<\/a> e <a href=\"https:\/\/natelinha.uol.com.br\/famosos\/tudo-sobre\/ze-felipe\" rel=\"nofollow noopener\" target=\"_blank\">Z\u00e9 Felipe<\/a> realizaram o batizado do menino, nos moldes da Igreja Cat\u00f3lica. A cerim\u00f4nia religiosa contou com as irm\u00e3s da crian\u00e7a, os av\u00f3s e os padrinhos.<\/p>\n<p>J\u00e1 a celebra\u00e7\u00e3o foi realizada na Casa VF, sal\u00e3o de festas de luxo em Goi\u00e2nia, novo empreendimento da influencer. &#8220;Um ano, Jos\u00e9 Leonardo. Que Deus aben\u00e7oe sua vida sempre, meu amor!! Sua fam\u00edlia te ama deeemais&#8221;, declarou ela, na legenda de um post sobre a festa.<\/p>\n<p>continua depois da publicidade<\/p>\n<p>O evento teve o tema country e todos estavam vestidos a car\u00e1ter. Al\u00e9m disso, os convidados podiam visitar uma &#8220;loja&#8221; montada no sal\u00e3o e escolher as lembrancinhas que queriam levar para casa.<\/p>\n<p>Entre as op\u00e7\u00f5es, estavam brinquedos educativos, malas de rodinhas, lancheiras t\u00e9rmicas, latas com chocolates e outros brindes nada simples.<\/p>\n<blockquote class=\"instagram-media\" data-instgrm-captioned=\"\" data-instgrm-version=\"7\" style=\"width:100%;\"><p>\n\t\t\t\t\t\t\t\t\t<a href=\"https:\/\/www.instagram.com\/p\/DObMHHlDvpM\/\" rel=\"nofollow noopener\" target=\"_blank\">\n\t\t\t\t\t\t\t\t<\/p><\/blockquote>\n<p>                    <script async src=\"\/\/www.instagram.com\/embed.js\"><\/script><\/p>\n","protected":false},"excerpt":{"rendered":"Jos\u00e9 Leonardo, ca\u00e7ula de Virginia Fonseca e Z\u00e9 Felipe, completou um ano e ganhou uma festa na ter\u00e7a-feira&hellip;\n","protected":false},"author":2,"featured_media":66347,"comment_status":"","ping_status":"","sticky":false,"template":"","format":"standard","meta":{"footnotes":""},"categories":[145],"tags":[211,210,114,115,32,33,1446,1445],"class_list":{"0":"post-66346","1":"post","2":"type-post","3":"status-publish","4":"format-standard","5":"has-post-thumbnail","7":"category-celebridades","8":"tag-celebridades","9":"tag-celebrities","10":"tag-entertainment","11":"tag-entretenimento","12":"tag-portugal","13":"tag-pt","14":"tag-virginia-fonseca","15":"tag-ze-felipe"},"share_on_mastodon":{"url":"","error":""},"_links":{"self":[{"href":"https:\/\/www.europesays.com\/pt\/wp-json\/wp\/v2\/posts\/66346","targetHints":{"allow":["GET"]}}],"collection":[{"href":"https:\/\/www.europesays.com\/pt\/wp-json\/wp\/v2\/posts"}],"about":[{"href":"https:\/\/www.europesays.com\/pt\/wp-json\/wp\/v2\/types\/post"}],"author":[{"embeddable":true,"href":"https:\/\/www.europesays.com\/pt\/wp-json\/wp\/v2\/users\/2"}],"replies":[{"embeddable":true,"href":"https:\/\/www.europesays.com\/pt\/wp-json\/wp\/v2\/comments?post=66346"}],"version-history":[{"count":0,"href":"https:\/\/www.europesays.com\/pt\/wp-json\/wp\/v2\/posts\/66346\/revisions"}],"wp:featuredmedia":[{"embeddable":true,"href":"https:\/\/www.europesays.com\/pt\/wp-json\/wp\/v2\/media\/66347"}],"wp:attachment":[{"href":"https:\/\/www.europesays.com\/pt\/wp-json\/wp\/v2\/media?parent=66346"}],"wp:term":[{"taxonomy":"category","embeddable":true,"href":"https:\/\/www.europesays.com\/pt\/wp-json\/wp\/v2\/categories?post=66346"},{"taxonomy":"post_tag","embeddable":true,"href":"https:\/\/www.europesays.com\/pt\/wp-json\/wp\/v2\/tags?post=66346"}],"curies":[{"name":"wp","href":"https:\/\/api.w.org\/{rel}","templated":true}]}}