{"id":66350,"date":"2025-09-10T22:46:08","date_gmt":"2025-09-10T22:46:08","guid":{"rendered":"https:\/\/www.europesays.com\/pt\/66350\/"},"modified":"2025-09-10T22:46:08","modified_gmt":"2025-09-10T22:46:08","slug":"a-toda-velocidade-ganha-trailer","status":"publish","type":"post","link":"https:\/\/www.europesays.com\/pt\/66350\/","title":{"rendered":"A Toda Velocidade ganha trailer"},"content":{"rendered":"<p>O longa-metragem de anima\u00e7\u00e3o\u00a0<strong>Grand Prix: A Toda Velocidade<\/strong><strong>\u00a0<\/strong>acaba de ganhar seu primeiro\u00a0trailer dublado. Veja acima.<\/p>\n<p>A obra da <strong>Paris Filmes<\/strong> conta a hist\u00f3ria de\u00a0Edda, uma ratinha que sonha em competir no Grand Prix, o maior torneio automobil\u00edstico da regi\u00e3o.<\/p>\n<p>Seu mundo vira de cabe\u00e7a para baixo quando, de forma inesperada, ela recebe a chance de disputar a corrida disfar\u00e7ada de seu \u00eddolo e piloto estrela, Ed.<\/p>\n<p>Ao longo da competi\u00e7\u00e3o, Edda, sob a orienta\u00e7\u00e3o de Ed como seu mentor, enfrenta uma s\u00e9rie de desafios e armadilhas na pista &#8211; testando sua resili\u00eancia, habilidades e coragem.<\/p>\n<p>Grand Prix, vale lembrar, ainda n\u00e3o possui data de estreia nos cinemas brasileiros.<\/p>\n","protected":false},"excerpt":{"rendered":"O longa-metragem de anima\u00e7\u00e3o\u00a0Grand Prix: A Toda Velocidade\u00a0acaba de ganhar seu primeiro\u00a0trailer dublado. Veja acima. A obra da&hellip;\n","protected":false},"author":2,"featured_media":66351,"comment_status":"","ping_status":"","sticky":false,"template":"","format":"standard","meta":{"footnotes":""},"categories":[140],"tags":[114,115,147,148,146,32,33],"class_list":{"0":"post-66350","1":"post","2":"type-post","3":"status-publish","4":"format-standard","5":"has-post-thumbnail","7":"category-filmes","8":"tag-entertainment","9":"tag-entretenimento","10":"tag-film","11":"tag-filmes","12":"tag-movies","13":"tag-portugal","14":"tag-pt"},"share_on_mastodon":{"url":"","error":""},"_links":{"self":[{"href":"https:\/\/www.europesays.com\/pt\/wp-json\/wp\/v2\/posts\/66350","targetHints":{"allow":["GET"]}}],"collection":[{"href":"https:\/\/www.europesays.com\/pt\/wp-json\/wp\/v2\/posts"}],"about":[{"href":"https:\/\/www.europesays.com\/pt\/wp-json\/wp\/v2\/types\/post"}],"author":[{"embeddable":true,"href":"https:\/\/www.europesays.com\/pt\/wp-json\/wp\/v2\/users\/2"}],"replies":[{"embeddable":true,"href":"https:\/\/www.europesays.com\/pt\/wp-json\/wp\/v2\/comments?post=66350"}],"version-history":[{"count":0,"href":"https:\/\/www.europesays.com\/pt\/wp-json\/wp\/v2\/posts\/66350\/revisions"}],"wp:featuredmedia":[{"embeddable":true,"href":"https:\/\/www.europesays.com\/pt\/wp-json\/wp\/v2\/media\/66351"}],"wp:attachment":[{"href":"https:\/\/www.europesays.com\/pt\/wp-json\/wp\/v2\/media?parent=66350"}],"wp:term":[{"taxonomy":"category","embeddable":true,"href":"https:\/\/www.europesays.com\/pt\/wp-json\/wp\/v2\/categories?post=66350"},{"taxonomy":"post_tag","embeddable":true,"href":"https:\/\/www.europesays.com\/pt\/wp-json\/wp\/v2\/tags?post=66350"}],"curies":[{"name":"wp","href":"https:\/\/api.w.org\/{rel}","templated":true}]}}