{"id":66361,"date":"2025-09-10T22:54:13","date_gmt":"2025-09-10T22:54:13","guid":{"rendered":"https:\/\/www.europesays.com\/pt\/66361\/"},"modified":"2025-09-10T22:54:13","modified_gmt":"2025-09-10T22:54:13","slug":"pontos-de-encontro-de-emergencia-comecaram-a-ser-instalados-em-lisboa","status":"publish","type":"post","link":"https:\/\/www.europesays.com\/pt\/66361\/","title":{"rendered":"Pontos de Encontro de Emerg\u00eancia come\u00e7aram a ser instalados em Lisboa"},"content":{"rendered":"<p>O primeiro ponto foi colocado na Alameda das Universidades (PE09), num trabalho que ter\u00e1 continuidade ao longo das pr\u00f3ximas semanas para que os <a href=\"https:\/\/www.lisboa.pt\/temas\/seguranca-e-prevencao\/protecao-civil\/planeamento-de-emergencia\/pontos-de-encontro?fbclid=IwY2xjawMuMghleHRuA2FlbQIxMABicmlkETBIZkZrNlFibTJtYm16YmFNAR5uViqxZxR1i_IKUIusoz5Bc-viZi7hwyhO1lVa1gu5m8flj4_L4KzG6aRoSw_aem_cyp9xoN71XZ8LlcTnDGb9A\" target=\"_blank\" rel=\"nofollow noopener\">86 Pontos de Encontro de Emerg\u00eancia<\/a><strong> <\/strong>fiquem espalhados pela cidade.<\/p>\n<p data-remotead-prev-elm=\"true\" data-remotead-elm-id=\"inread\">De acordo com uma nota da C\u00e2mara Municipal de Lisboa, estes locais, que tinham j\u00e1 sido anunciados, &#8220;asseguram a assist\u00eancia necess\u00e1ria em situa\u00e7\u00f5es de emerg\u00eancia e facilitam a coordena\u00e7\u00e3o das opera\u00e7\u00f5es de socorro, permitindo uma atua\u00e7\u00e3o c\u00e9lere e eficaz das equipas de emerg\u00eancia&#8221;.<\/p>\n<blockquote data-type=\"articles\" data-id=\"related-article-17841493\"><p>\n              <strong>Leia tamb\u00e9m <\/strong><br \/>\n              <a href=\"https:\/\/www.jn.pt\/pais\/artigo\/lisboa-passa-a-ter-86-pontos-de-encontro-em-caso-de-catastrofe\/17841493\" rel=\"nofollow noopener\" target=\"_blank\">Lisboa passa a ter 86 pontos de encontro em caso de cat\u00e1strofe<\/a>\n            <\/p><\/blockquote>\n<p data-remotead-prev-elm=\"true\" data-remotead-elm-id=\"centro1\">Foram definidos no \u00e2mbito da Revis\u00e3o do Plano Municipal de Emerg\u00eancia de Prote\u00e7\u00e3o Civil de Lisboa (PMEPC), considerando os riscos identificados no documento, nomeadamente<strong> sismo, tsunami, acidente a\u00e9reo, acidente ferrovi\u00e1rio, inc\u00eandios ou inunda\u00e7\u00f5es<\/strong>, com &#8220;impacto grave na cidade e gerador da perda de habita\u00e7\u00e3o e de necessidade de bens e cuidados de primeira necessidade para grande parte da popula\u00e7\u00e3o&#8221;.<\/p>\n<p>Assim, em caso de acidente grave ou cat\u00e1strofe que coloque em risco a seguran\u00e7a da popula\u00e7\u00e3o, poder\u00e1 ser recomendada a evacua\u00e7\u00e3o de \u00e1reas afetadas para os Pontos de Encontro de Emerg\u00eancia, devendo os cidad\u00e3os ali permanecer e aguardar por agentes de prote\u00e7\u00e3o civil (pol\u00edcia, bombeiros, INEM, etc.).<\/p>\n<p data-remotead-prev-elm=\"true\" data-remotead-elm-id=\"centro2\">Segundo a nota camar\u00e1ria, a localiza\u00e7\u00e3o dos pontos foi definida atrav\u00e9s de &#8220;uma metodologia de an\u00e1lise de riscos e de visitas t\u00e9cnicas ao terreno&#8221;, ou seja, foi tecnicamente avaliada tendo em conta crit\u00e9rios como &#8220;a exposi\u00e7\u00e3o a riscos naturais e tecnol\u00f3gicos, capacidade para acolher um alargado n\u00famero de pessoas, acessibilidade, estado de conserva\u00e7\u00e3o do edificado cont\u00edguo, assim como outras caracter\u00edsticas da \u00e1rea envolvente&#8221;.<\/p>\n<p>De acordo com informa\u00e7\u00e3o anterior do munic\u00edpio, os 86 pontos oficiais t\u00eam, em conjunto, capacidade para acolher mais de 600 mil pessoas e foram estabelecidos tendo em conta todas as freguesias.<\/p>\n","protected":false},"excerpt":{"rendered":"O primeiro ponto foi colocado na Alameda das Universidades (PE09), num trabalho que ter\u00e1 continuidade ao longo das&hellip;\n","protected":false},"author":2,"featured_media":66362,"comment_status":"","ping_status":"","sticky":false,"template":"","format":"standard","meta":{"footnotes":""},"categories":[8],"tags":[27,28,15,16,14,25,26,21,22,12,13,19,20,32,23,24,33,17,18,29,30,31],"class_list":{"0":"post-66361","1":"post","2":"type-post","3":"status-publish","4":"format-standard","5":"has-post-thumbnail","7":"category-principais-noticias","8":"tag-breaking-news","9":"tag-breakingnews","10":"tag-featured-news","11":"tag-featurednews","12":"tag-headlines","13":"tag-latest-news","14":"tag-latestnews","15":"tag-main-news","16":"tag-mainnews","17":"tag-news","18":"tag-noticias","19":"tag-noticias-principais","20":"tag-noticiasprincipais","21":"tag-portugal","22":"tag-principais-noticias","23":"tag-principaisnoticias","24":"tag-pt","25":"tag-top-stories","26":"tag-topstories","27":"tag-ultimas","28":"tag-ultimas-noticias","29":"tag-ultimasnoticias"},"share_on_mastodon":{"url":"","error":""},"_links":{"self":[{"href":"https:\/\/www.europesays.com\/pt\/wp-json\/wp\/v2\/posts\/66361","targetHints":{"allow":["GET"]}}],"collection":[{"href":"https:\/\/www.europesays.com\/pt\/wp-json\/wp\/v2\/posts"}],"about":[{"href":"https:\/\/www.europesays.com\/pt\/wp-json\/wp\/v2\/types\/post"}],"author":[{"embeddable":true,"href":"https:\/\/www.europesays.com\/pt\/wp-json\/wp\/v2\/users\/2"}],"replies":[{"embeddable":true,"href":"https:\/\/www.europesays.com\/pt\/wp-json\/wp\/v2\/comments?post=66361"}],"version-history":[{"count":0,"href":"https:\/\/www.europesays.com\/pt\/wp-json\/wp\/v2\/posts\/66361\/revisions"}],"wp:featuredmedia":[{"embeddable":true,"href":"https:\/\/www.europesays.com\/pt\/wp-json\/wp\/v2\/media\/66362"}],"wp:attachment":[{"href":"https:\/\/www.europesays.com\/pt\/wp-json\/wp\/v2\/media?parent=66361"}],"wp:term":[{"taxonomy":"category","embeddable":true,"href":"https:\/\/www.europesays.com\/pt\/wp-json\/wp\/v2\/categories?post=66361"},{"taxonomy":"post_tag","embeddable":true,"href":"https:\/\/www.europesays.com\/pt\/wp-json\/wp\/v2\/tags?post=66361"}],"curies":[{"name":"wp","href":"https:\/\/api.w.org\/{rel}","templated":true}]}}