{"id":66365,"date":"2025-09-10T22:58:08","date_gmt":"2025-09-10T22:58:08","guid":{"rendered":"https:\/\/www.europesays.com\/pt\/66365\/"},"modified":"2025-09-10T22:58:08","modified_gmt":"2025-09-10T22:58:08","slug":"a-heranca-depois-de-beatriz-inventar-falsos-testemunhos-contra-a-mae-sofia-e-envenenada-e-nao-imagina-por-quem-novelas","status":"publish","type":"post","link":"https:\/\/www.europesays.com\/pt\/66365\/","title":{"rendered":"A Heran\u00e7a: Depois de Beatriz inventar falsos testemunhos contra a m\u00e3e, Sofia \u00e9 envenenada e n\u00e3o imagina por quem &#8211; Novelas"},"content":{"rendered":"<p>Vicente (Ricardo Pereira) e Beatriz (B\u00e1rbara Branco) est\u00e3o unidos para destruir a vida de Sofia (Patr\u00edcia Tavares). E, depois de inventarem falsos testemunhos contra ela, o vil\u00e3o decide que chegou o momento de avan\u00e7ar para um novo plano. Assim, invade a casa de Gon\u00e7alo (Jos\u00e9 Mata) pronto para matar a ex-mulher. <\/p>\n<p>        &#13;<\/p>\n<p>                        &#13;<br \/>\n                            <img decoding=\"async\" src=\"https:\/\/www.europesays.com\/pt\/wp-content\/uploads\/2025\/09\/img_220x220uu2025-09-10-10-41-49-394123.jpg\" class=\"img_fluid\" loading=\"lazy\" alt=\"\"\/>&#13;<\/p>\n<p class=\"title\">Ler tamb\u00e9m<\/p>\n<p>                    <a href=\"https:\/\/www.tvguia.pt\/novelas\/detalhe\/a-heranca-agora-e-a-valer-bernardo-e-teresinha-fazem-amor-pela-primeira-vez-e-trocam-juras-de-amor\" class=\"streched_link\" title=\"\" content_list_position=\"1\" rel=\"nofollow noopener\" target=\"_blank\">A Heran\u00e7a. Agora \u00e9 a valer: Bernardo e Teresinha fazem amor pela primeira vez e trocam juras de amor<\/a><\/p>\n<p>            &#13;<\/p>\n<p>Sem que Sofia se aperceba, Vicente entra na cozinha e fica escondido \u00e0 espera de a ver. Instantes depois, a empres\u00e1ria aparece e avan\u00e7a pela cozinha, sem dar por nada e prepara um ch\u00e1. Sente-se incomodada com a pulseira eletr\u00f3nica no tornozelo, d\u00e1-lhe comich\u00e3o, mas n\u00e3o d\u00e1 import\u00e2ncia e segue para a sala. <\/p>\n<p>Na sala, Sofia continua sem se aperceber da presen\u00e7a de Vicente, que aproveita a sua aus\u00eancia da cozinha para deitar gotas de ars\u00e9nico no seu ch\u00e1, que ficou a arrefecer na bancada. <\/p>\n<p>        &#13;<\/p>\n<p>                        &#13;<br \/>\n                            <img decoding=\"async\" src=\"https:\/\/www.europesays.com\/pt\/wp-content\/uploads\/2025\/09\/img_220x220uu2025-09-09-16-21-07-394053-im-638930317180307431.jpg\" class=\"img_fluid\" loading=\"lazy\" alt=\"\"\/>&#13;<\/p>\n<p class=\"title\">Ler tamb\u00e9m<\/p>\n<p>                    <a href=\"https:\/\/www.tvguia.pt\/novelas\/detalhe\/a-heranca-acabou-pilar-descobre-o-plano-de-beatriz-e-vicente-para-destruirem-sofia\" class=\"streched_link\" title=\"\" content_list_position=\"2\" rel=\"nofollow noopener\" target=\"_blank\">A Heran\u00e7a. Acabou: Pilar descobre o plano de Beatriz e Vicente para destru\u00edrem Sofia<\/a><\/p>\n<p>            &#13;<\/p>\n<p>Instantes depois, a irm\u00e3 de Pilar (Mariana Monteiro) bebe o ch\u00e1 envenenado sem o saber. Gon\u00e7alo chega a casa e p\u00f5e-na a par do que Edgar lhes contou sobre Am\u00e9lia (Ana Bustorf). Fora de si, o cavaleiro garante que vai chegar \u00e0 verdade. Sofia quer falar com o amigo hacker de Ot\u00e1vio (Ant\u00f3nio Pedro Cerdeira) para ver se os ajuda com a agenda de Raul (Virg\u00edlio Castelo). O namorado aceita. <\/p>\n<p>        &#13;<\/p>\n<p>                        &#13;<br \/>\n                            <img decoding=\"async\" src=\"https:\/\/www.europesays.com\/pt\/wp-content\/uploads\/2025\/09\/img_220x220uu2025-09-09-16-11-10-394048.jpg\" class=\"img_fluid\" loading=\"lazy\" alt=\"\"\/>&#13;<\/p>\n<p class=\"title\">Ler tamb\u00e9m<\/p>\n<p>                    <a href=\"https:\/\/www.tvguia.pt\/novelas\/detalhe\/a-heranca-cada-vez-mais-encantada-com-felix-beatriz-tem-uma-conversa-seria-com-olivia-e-pede-lhe-que-peca-perdao-ao-pai-e-a-susana\" class=\"streched_link\" title=\"\" content_list_position=\"3\" rel=\"nofollow noopener\" target=\"_blank\">A Heran\u00e7a: Cada vez mais encantada com F\u00e9lix, Beatriz tem uma conversa s\u00e9ria com Ol\u00edvia e pede-lhe que pe\u00e7a perd\u00e3o ao pai e a Susana <\/a><\/p>\n<p>            &#13;<\/p>\n<p>Por fim, perante Augusto (Fernando Lu\u00eds), a empres\u00e1ria tenta disfar\u00e7ar que est\u00e1 maldisposta. Conversam sobre Teresinha (Laura Dutra) e Augusto reconhece que foi excessivo com a rapariga por ter puxado demasiado por ela na carpintaria. Sofia aconselha-o a fazer as pazes com a afilhada. <\/p>\n<p>Saiba tudo sobre &#8216;A Heran\u00e7a&#8217; e as outras novelas na revista<b style=\"box-sizing: border-box; font-family: LibreBaskerville-Bold, -apple-system, BlinkMacSystemFont, \" segoe=\"\" ui=\"\" roboto=\"\" neue=\"\" arial=\"\" sans-serif=\"\" margin:=\"\" padding:=\"\" border:=\"\" font-style:=\"\" inherit=\"\" font-variant:=\"\" font-weight:=\"\" font-stretch:=\"\" font-size:=\"\" line-height:=\"\" font-optical-sizing:=\"\" font-size-adjust:=\"\" font-kerning:=\"\" font-feature-settings:=\"\" font-variation-settings:=\"\" vertical-align:=\"\" baseline=\"\" text-decoration:=\"\" none=\"\" color:=\"\" rgb=\"\">\u00a0TV Guia\u00a0<\/b>desta semana, j\u00e1 nas bancas de Portugal, ou na vers\u00e3o digital,\u00a0<a href=\"https:\/\/assinaturas.xl.pt\/tv_guia\" rel=\"nofollow noopener\" target=\"_blank\">aqui<\/a>.<\/p>\n<p>            &#13;<br \/>\n                &#13;<br \/>\n&#13;<br \/>\n&#13;<br \/>\n    &#13;<br \/>\n&#13;<br \/>\n&#13;<\/p>\n","protected":false},"excerpt":{"rendered":"Vicente (Ricardo Pereira) e Beatriz (B\u00e1rbara Branco) est\u00e3o unidos para destruir a vida de Sofia (Patr\u00edcia Tavares). E,&hellip;\n","protected":false},"author":2,"featured_media":66366,"comment_status":"","ping_status":"","sticky":false,"template":"","format":"standard","meta":{"footnotes":""},"categories":[142],"tags":[2795,7072,2800,211,18199,114,115,6655,2801,2799,1017,32,33,218,151],"class_list":{"0":"post-66365","1":"post","2":"type-post","3":"status-publish","4":"format-standard","5":"has-post-thumbnail","7":"category-tv","8":"tag-a-heranca","9":"tag-antonio-pedro-cerdeira","10":"tag-barbara-branco","11":"tag-celebridades","12":"tag-cozinhar","13":"tag-entertainment","14":"tag-entretenimento","15":"tag-fernando-luis","16":"tag-jose-mata","17":"tag-mariana-monteiro","18":"tag-namoro","19":"tag-portugal","20":"tag-pt","21":"tag-televisao","22":"tag-tv"},"share_on_mastodon":{"url":"","error":""},"_links":{"self":[{"href":"https:\/\/www.europesays.com\/pt\/wp-json\/wp\/v2\/posts\/66365","targetHints":{"allow":["GET"]}}],"collection":[{"href":"https:\/\/www.europesays.com\/pt\/wp-json\/wp\/v2\/posts"}],"about":[{"href":"https:\/\/www.europesays.com\/pt\/wp-json\/wp\/v2\/types\/post"}],"author":[{"embeddable":true,"href":"https:\/\/www.europesays.com\/pt\/wp-json\/wp\/v2\/users\/2"}],"replies":[{"embeddable":true,"href":"https:\/\/www.europesays.com\/pt\/wp-json\/wp\/v2\/comments?post=66365"}],"version-history":[{"count":0,"href":"https:\/\/www.europesays.com\/pt\/wp-json\/wp\/v2\/posts\/66365\/revisions"}],"wp:featuredmedia":[{"embeddable":true,"href":"https:\/\/www.europesays.com\/pt\/wp-json\/wp\/v2\/media\/66366"}],"wp:attachment":[{"href":"https:\/\/www.europesays.com\/pt\/wp-json\/wp\/v2\/media?parent=66365"}],"wp:term":[{"taxonomy":"category","embeddable":true,"href":"https:\/\/www.europesays.com\/pt\/wp-json\/wp\/v2\/categories?post=66365"},{"taxonomy":"post_tag","embeddable":true,"href":"https:\/\/www.europesays.com\/pt\/wp-json\/wp\/v2\/tags?post=66365"}],"curies":[{"name":"wp","href":"https:\/\/api.w.org\/{rel}","templated":true}]}}