{"id":66373,"date":"2025-09-10T23:03:08","date_gmt":"2025-09-10T23:03:08","guid":{"rendered":"https:\/\/www.europesays.com\/pt\/66373\/"},"modified":"2025-09-10T23:03:08","modified_gmt":"2025-09-10T23:03:08","slug":"sabe-o-que-liga-messi-ronaldo-e-haaland-a-john-cena-descubra-aqui","status":"publish","type":"post","link":"https:\/\/www.europesays.com\/pt\/66373\/","title":{"rendered":"Sabe o que liga Messi, Ronaldo e Haaland&#8230; a John Cena? Descubra aqui"},"content":{"rendered":"<p>Aos 48 anos, John Cena prepara-se para a despedida definitiva dos ringues da WWE. O lend\u00e1rio wrestler norte-americano est\u00e1 a realizar a sua \u00faltima tourn\u00e9e e encontrou uma forma criativa de marcar a contagem decrescente dos eventos que lhe restam: publicar nas redes sociais fotos de atletas com o n\u00famero da camisola correspondente ao n\u00famero de combates por disputar.<\/p>\n<p>Entre as escolhas de Cena t\u00eam estado v\u00e1rias figuras do futebol mundial, colocando o desporto-rei em grande destaque no adeus do lutador.<\/p>\n<p>Na contagem decrescente, John Cena j\u00e1 utilizou as fotografias de Lionel <a class=\"autolink-enabled\" data-resource-id=\"3399\" data-resource-type=\"player\" data-sport=\"football\" href=\"https:\/\/www.abola.pt\/futebol\/jogador\/messi-3399\" rel=\"nofollow noopener\" target=\"_blank\">Messi<\/a> (10), <a class=\"autolink-enabled\" data-resource-id=\"133190\" data-resource-type=\"player\" data-sport=\"football\" href=\"https:\/\/www.abola.pt\/futebol\/jogador\/erling-haaland-133190\" rel=\"nofollow noopener\" target=\"_blank\">Erling Haaland<\/a> (9) e <a class=\"autolink-enabled\" data-resource-id=\"3400\" data-resource-type=\"player\" data-sport=\"football\" href=\"https:\/\/www.abola.pt\/futebol\/jogador\/cristiano-ronaldo-3400\" rel=\"nofollow noopener\" target=\"_blank\">Cristiano Ronaldo<\/a> (7) para assinalar os eventos em falta. Cada publica\u00e7\u00e3o \u00e9 um tributo indireto \u00e0 import\u00e2ncia desses atletas, ao mesmo tempo que serve de marcador visual da despedida do norte-americano.<\/p>\n<p>Mas a homenagem de Cena n\u00e3o se ficou pelo futebol. Lendas de outras modalidades tamb\u00e9m foram inclu\u00eddas na contagem, como Kobe Bryant (8), eterno \u00edcone da <a target=\"_blank\" class=\"editor-link autolink-enabled\" href=\"https:\/\/www.abola.pt\/basquetebol\/competicao\/nba-7X7oX3p3J1lmxFuFxCr8DR\" data-resource-id=\"f78d98fc-b330-46ab-a02a-9fcfd65a96d9\" data-resource-type=\"competition\" data-sport=\"basketball\" rel=\"nofollow noopener\">NBA<\/a>, e Tom Brady (12), considerado o maior quarterback da hist\u00f3ria da NFL.<\/p>\n<p>O wrestling despede-se de uma das suas maiores lendas, mas o adeus de John Cena est\u00e1 a transformar-se tamb\u00e9m numa celebra\u00e7\u00e3o do desporto mundial &#8211; com o futebol a assumir papel de destaque. A contagem segue em curso at\u00e9 ao combate final, marcado para o dia 17 de dezembro, no Madison Square Garden.<\/p>\n","protected":false},"excerpt":{"rendered":"Aos 48 anos, John Cena prepara-se para a despedida definitiva dos ringues da WWE. O lend\u00e1rio wrestler norte-americano&hellip;\n","protected":false},"author":2,"featured_media":66374,"comment_status":"","ping_status":"","sticky":false,"template":"","format":"standard","meta":{"footnotes":""},"categories":[85],"tags":[114,115,32,33],"class_list":{"0":"post-66373","1":"post","2":"type-post","3":"status-publish","4":"format-standard","5":"has-post-thumbnail","7":"category-entretenimento","8":"tag-entertainment","9":"tag-entretenimento","10":"tag-portugal","11":"tag-pt"},"share_on_mastodon":{"url":"","error":""},"_links":{"self":[{"href":"https:\/\/www.europesays.com\/pt\/wp-json\/wp\/v2\/posts\/66373","targetHints":{"allow":["GET"]}}],"collection":[{"href":"https:\/\/www.europesays.com\/pt\/wp-json\/wp\/v2\/posts"}],"about":[{"href":"https:\/\/www.europesays.com\/pt\/wp-json\/wp\/v2\/types\/post"}],"author":[{"embeddable":true,"href":"https:\/\/www.europesays.com\/pt\/wp-json\/wp\/v2\/users\/2"}],"replies":[{"embeddable":true,"href":"https:\/\/www.europesays.com\/pt\/wp-json\/wp\/v2\/comments?post=66373"}],"version-history":[{"count":0,"href":"https:\/\/www.europesays.com\/pt\/wp-json\/wp\/v2\/posts\/66373\/revisions"}],"wp:featuredmedia":[{"embeddable":true,"href":"https:\/\/www.europesays.com\/pt\/wp-json\/wp\/v2\/media\/66374"}],"wp:attachment":[{"href":"https:\/\/www.europesays.com\/pt\/wp-json\/wp\/v2\/media?parent=66373"}],"wp:term":[{"taxonomy":"category","embeddable":true,"href":"https:\/\/www.europesays.com\/pt\/wp-json\/wp\/v2\/categories?post=66373"},{"taxonomy":"post_tag","embeddable":true,"href":"https:\/\/www.europesays.com\/pt\/wp-json\/wp\/v2\/tags?post=66373"}],"curies":[{"name":"wp","href":"https:\/\/api.w.org\/{rel}","templated":true}]}}