{"id":66377,"date":"2025-09-10T23:12:08","date_gmt":"2025-09-10T23:12:08","guid":{"rendered":"https:\/\/www.europesays.com\/pt\/66377\/"},"modified":"2025-09-10T23:12:08","modified_gmt":"2025-09-10T23:12:08","slug":"familias-em-guerra-por-mulher-deixar-marido-pj-deteve-oito-pessoas-em-lisboa","status":"publish","type":"post","link":"https:\/\/www.europesays.com\/pt\/66377\/","title":{"rendered":"Fam\u00edlias em guerra por mulher deixar marido. PJ deteve oito pessoas em Lisboa"},"content":{"rendered":"<p>Anteontem, a Pol\u00edcia Judici\u00e1ria deteve oito pessoas dos dois grupos em confronto. Os suspeitos passaram a noite nos calabou\u00e7os e s\u00f3 hoje dever\u00e3o ser interrogados pelo juiz. Na opera\u00e7\u00e3o &#8220;Honra Sangrenta&#8221;, que envolveu 90 inspetores em 20 buscas, foi feita a apreens\u00e3o de uma arma de fogo, bast\u00f5es, p\u00e9s de cabra e uma navalha de ponta e mola.<\/p>\n<p data-remotead-prev-elm=\"true\" data-remotead-elm-id=\"inread\">Segundo o JN apurou, tudo come\u00e7ou quando, no in\u00edcio deste ano, uma mulher abandonou o marido e foi viver para casa dos pais. O marido sentiu-se tra\u00eddo, foi \u00e0 procura da esposa e envolveu-se em confrontos com os seus familiares. Logo no primeiro epis\u00f3dio violento, acabou por balear a sogra, que teve de receber assist\u00eancia hospitalar.<\/p>\n<p>Sobrinho sequestrado<\/p>\n<p>Seguiram-se atos de vingan\u00e7a de familiares da mulher ferida e, posteriormente, rea\u00e7\u00f5es violentas da fa\u00e7\u00e3o oposta. Fonte ligada \u00e0 investiga\u00e7\u00e3o descreve, ao JN, tiroteios e ataques com catanas e facas entre as duas fam\u00edlias, nalguns casos \u00e0 luz do dia, em bairros de Lisboa.<\/p>\n<p data-remotead-prev-elm=\"true\" data-remotead-elm-id=\"centro1\">O marido despeitado chegou, inclusive, a sequestrar um sobrinho da mulher para que ele revelasse o paradeiro dela. E, em julho, na companhia de um familiar, tamb\u00e9m se filmou, em direto no Facebook, a disparar a ca\u00e7adeira enquanto proferia amea\u00e7as aos opositores.<\/p>\n<p>O clima de terror s\u00f3 terminou quando, no m\u00eas passado, a mulher que exigia o fim do casamento regressou a casa.v<\/p>\n","protected":false},"excerpt":{"rendered":"Anteontem, a Pol\u00edcia Judici\u00e1ria deteve oito pessoas dos dois grupos em confronto. Os suspeitos passaram a noite nos&hellip;\n","protected":false},"author":2,"featured_media":66378,"comment_status":"","ping_status":"","sticky":false,"template":"","format":"standard","meta":{"footnotes":""},"categories":[10],"tags":[27,28,15,16,14,25,26,21,22,12,13,19,20,32,23,24,33,17,18,29,30,31],"class_list":{"0":"post-66377","1":"post","2":"type-post","3":"status-publish","4":"format-standard","5":"has-post-thumbnail","7":"category-portugal","8":"tag-breaking-news","9":"tag-breakingnews","10":"tag-featured-news","11":"tag-featurednews","12":"tag-headlines","13":"tag-latest-news","14":"tag-latestnews","15":"tag-main-news","16":"tag-mainnews","17":"tag-news","18":"tag-noticias","19":"tag-noticias-principais","20":"tag-noticiasprincipais","21":"tag-portugal","22":"tag-principais-noticias","23":"tag-principaisnoticias","24":"tag-pt","25":"tag-top-stories","26":"tag-topstories","27":"tag-ultimas","28":"tag-ultimas-noticias","29":"tag-ultimasnoticias"},"share_on_mastodon":{"url":"","error":""},"_links":{"self":[{"href":"https:\/\/www.europesays.com\/pt\/wp-json\/wp\/v2\/posts\/66377","targetHints":{"allow":["GET"]}}],"collection":[{"href":"https:\/\/www.europesays.com\/pt\/wp-json\/wp\/v2\/posts"}],"about":[{"href":"https:\/\/www.europesays.com\/pt\/wp-json\/wp\/v2\/types\/post"}],"author":[{"embeddable":true,"href":"https:\/\/www.europesays.com\/pt\/wp-json\/wp\/v2\/users\/2"}],"replies":[{"embeddable":true,"href":"https:\/\/www.europesays.com\/pt\/wp-json\/wp\/v2\/comments?post=66377"}],"version-history":[{"count":0,"href":"https:\/\/www.europesays.com\/pt\/wp-json\/wp\/v2\/posts\/66377\/revisions"}],"wp:featuredmedia":[{"embeddable":true,"href":"https:\/\/www.europesays.com\/pt\/wp-json\/wp\/v2\/media\/66378"}],"wp:attachment":[{"href":"https:\/\/www.europesays.com\/pt\/wp-json\/wp\/v2\/media?parent=66377"}],"wp:term":[{"taxonomy":"category","embeddable":true,"href":"https:\/\/www.europesays.com\/pt\/wp-json\/wp\/v2\/categories?post=66377"},{"taxonomy":"post_tag","embeddable":true,"href":"https:\/\/www.europesays.com\/pt\/wp-json\/wp\/v2\/tags?post=66377"}],"curies":[{"name":"wp","href":"https:\/\/api.w.org\/{rel}","templated":true}]}}