{"id":66379,"date":"2025-09-10T23:13:08","date_gmt":"2025-09-10T23:13:08","guid":{"rendered":"https:\/\/www.europesays.com\/pt\/66379\/"},"modified":"2025-09-10T23:13:08","modified_gmt":"2025-09-10T23:13:08","slug":"prenda-de-otamendi-emociona-ex-benfica-ja-posso-morrer-em-paz","status":"publish","type":"post","link":"https:\/\/www.europesays.com\/pt\/66379\/","title":{"rendered":"Prenda de Otamendi emociona ex-Benfica: \u00abJ\u00e1 posso morrer em paz\u00bb"},"content":{"rendered":"<p><a class=\"autolink-enabled\" data-resource-id=\"210361\" data-resource-type=\"player\" data-sport=\"football\" href=\"https:\/\/www.abola.pt\/futebol\/jogador\/zeki-amdouni-210361\" rel=\"nofollow noopener\" target=\"_blank\">Zeki Amdouni<\/a> abandonou o <a class=\"autolink-enabled\" data-resource-id=\"450\" data-resource-type=\"team\" data-sport=\"football\" href=\"https:\/\/www.abola.pt\/futebol\/benfica-450\" rel=\"nofollow noopener\" target=\"_blank\">Benfica<\/a> no final da \u00e9poca passada, mas manteve uma rela\u00e7\u00e3o pr\u00f3xima com os antigos colegas de equipa na Luz. Exemplo disso foi a prenda que recebeu em casa, diretamente da <a class=\"autolink-enabled\" data-resource-id=\"2153\" data-resource-type=\"team\" data-sport=\"football\" href=\"https:\/\/www.abola.pt\/futebol\/argentina-2153\" rel=\"nofollow noopener\" target=\"_blank\">Argentina<\/a>.<\/p>\n<p><a class=\"autolink-enabled\" data-resource-id=\"210361\" data-resource-type=\"player\" data-sport=\"football\" href=\"https:\/\/www.abola.pt\/futebol\/jogador\/zeki-amdouni-210361\" rel=\"nofollow noopener\" target=\"_blank\">Amdouni<\/a> revelou nas redes sociais que recebeu duas camisolas da sele\u00e7\u00e3o alviceleste com os nomes de <a class=\"autolink-enabled\" data-resource-id=\"1978\" data-resource-type=\"player\" data-sport=\"football\" href=\"https:\/\/www.abola.pt\/futebol\/jogador\/nicolas-otamendi-1978\" rel=\"nofollow noopener\" target=\"_blank\">Otamendi<\/a> e <a class=\"autolink-enabled\" data-resource-id=\"3399\" data-resource-type=\"player\" data-sport=\"football\" href=\"https:\/\/www.abola.pt\/futebol\/jogador\/messi-3399\" rel=\"nofollow noopener\" target=\"_blank\">Messi<\/a> nas costas, com os respetivos dorsais. O internacional su\u00ed\u00e7o agradeceu ao capit\u00e3o do <a class=\"autolink-enabled\" data-resource-id=\"450\" data-resource-type=\"team\" data-sport=\"football\" href=\"https:\/\/www.abola.pt\/futebol\/benfica-450\" rel=\"nofollow noopener\" target=\"_blank\">Benfica<\/a> com uma mensagem sentida: \u00abJ\u00e1 posso morrer feliz.\u00bb<\/p>\n<p><a class=\"autolink-enabled\" data-resource-id=\"210361\" data-resource-type=\"player\" data-sport=\"football\" href=\"https:\/\/www.abola.pt\/futebol\/jogador\/zeki-amdouni-210361\" rel=\"nofollow noopener\" target=\"_blank\">Amdouni<\/a> rubricou nove golos em 43 jogos disputados pelo <a class=\"autolink-enabled\" data-resource-id=\"450\" data-resource-type=\"team\" data-sport=\"football\" href=\"https:\/\/www.abola.pt\/futebol\/benfica-450\" rel=\"nofollow noopener\" target=\"_blank\">Benfica<\/a>, antes de regressar ao <a class=\"autolink-enabled\" data-resource-id=\"118\" data-resource-type=\"team\" data-sport=\"football\" href=\"https:\/\/www.abola.pt\/futebol\/burnley-118\" rel=\"nofollow noopener\" target=\"_blank\">Burnley<\/a> no final da temporada. Num dos primeiros treinos ao servi\u00e7o do clube rec\u00e9m-promovido \u00e0 <a class=\"autolink-enabled\" data-resource-id=\"3\" data-resource-type=\"competition\" data-sport=\"football\" href=\"https:\/\/www.abola.pt\/futebol\/competicao\/premier-league-3\" rel=\"nofollow noopener\" target=\"_blank\">Premier League<\/a>, o internacional su\u00ed\u00e7o lesionou-se gravemente e vai estar fora dos relvados durante um per\u00edodo indeterminado.<\/p>\n","protected":false},"excerpt":{"rendered":"Zeki Amdouni abandonou o Benfica no final da \u00e9poca passada, mas manteve uma rela\u00e7\u00e3o pr\u00f3xima com os antigos&hellip;\n","protected":false},"author":2,"featured_media":66380,"comment_status":"","ping_status":"","sticky":false,"template":"","format":"standard","meta":{"footnotes":""},"categories":[8],"tags":[27,28,15,16,14,25,26,21,22,12,13,19,20,32,23,24,33,17,18,29,30,31],"class_list":{"0":"post-66379","1":"post","2":"type-post","3":"status-publish","4":"format-standard","5":"has-post-thumbnail","7":"category-principais-noticias","8":"tag-breaking-news","9":"tag-breakingnews","10":"tag-featured-news","11":"tag-featurednews","12":"tag-headlines","13":"tag-latest-news","14":"tag-latestnews","15":"tag-main-news","16":"tag-mainnews","17":"tag-news","18":"tag-noticias","19":"tag-noticias-principais","20":"tag-noticiasprincipais","21":"tag-portugal","22":"tag-principais-noticias","23":"tag-principaisnoticias","24":"tag-pt","25":"tag-top-stories","26":"tag-topstories","27":"tag-ultimas","28":"tag-ultimas-noticias","29":"tag-ultimasnoticias"},"share_on_mastodon":{"url":"","error":""},"_links":{"self":[{"href":"https:\/\/www.europesays.com\/pt\/wp-json\/wp\/v2\/posts\/66379","targetHints":{"allow":["GET"]}}],"collection":[{"href":"https:\/\/www.europesays.com\/pt\/wp-json\/wp\/v2\/posts"}],"about":[{"href":"https:\/\/www.europesays.com\/pt\/wp-json\/wp\/v2\/types\/post"}],"author":[{"embeddable":true,"href":"https:\/\/www.europesays.com\/pt\/wp-json\/wp\/v2\/users\/2"}],"replies":[{"embeddable":true,"href":"https:\/\/www.europesays.com\/pt\/wp-json\/wp\/v2\/comments?post=66379"}],"version-history":[{"count":0,"href":"https:\/\/www.europesays.com\/pt\/wp-json\/wp\/v2\/posts\/66379\/revisions"}],"wp:featuredmedia":[{"embeddable":true,"href":"https:\/\/www.europesays.com\/pt\/wp-json\/wp\/v2\/media\/66380"}],"wp:attachment":[{"href":"https:\/\/www.europesays.com\/pt\/wp-json\/wp\/v2\/media?parent=66379"}],"wp:term":[{"taxonomy":"category","embeddable":true,"href":"https:\/\/www.europesays.com\/pt\/wp-json\/wp\/v2\/categories?post=66379"},{"taxonomy":"post_tag","embeddable":true,"href":"https:\/\/www.europesays.com\/pt\/wp-json\/wp\/v2\/tags?post=66379"}],"curies":[{"name":"wp","href":"https:\/\/api.w.org\/{rel}","templated":true}]}}