{"id":66406,"date":"2025-09-10T23:30:09","date_gmt":"2025-09-10T23:30:09","guid":{"rendered":"https:\/\/www.europesays.com\/pt\/66406\/"},"modified":"2025-09-10T23:30:09","modified_gmt":"2025-09-10T23:30:09","slug":"lancamento-do-livro-de-mario-kertesz-lota-livraria-em-salvador","status":"publish","type":"post","link":"https:\/\/www.europesays.com\/pt\/66406\/","title":{"rendered":"Lan\u00e7amento do livro de M\u00e1rio Kert\u00e9sz lota livraria em Salvador"},"content":{"rendered":"<p><strong>Foi com emo\u00e7\u00e3o, sorrisos e l\u00e1grimas que o comunicador e ex-prefeito de Salvador, M\u00e1rio Kert\u00e9sz<\/strong>, lan\u00e7ou, na noite desta quarta-feira (10), seu novo livro, <strong>\u201cRiso-Choro\u201d<\/strong>, na <strong>Livraria LDM<\/strong>, no Shopping Bela Vista. O evento reuniu amigos, admiradores e leitores que lotaram o espa\u00e7o para prestigiar o autor.<\/p>\n<p>A obra, que traz relatos e mem\u00f3rias de quase oito d\u00e9cadas, \u00e9 descrita por Kert\u00e9sz como um <strong>registro pessoal<\/strong> \u2014 sem inten\u00e7\u00f5es de ajuste de contas com a vida p\u00fablica.<\/p>\n<p>\u201cQuando fiz esse livro, eu n\u00e3o busquei marcar a minha vida, nem ser um legado. Eu n\u00e3o tenho nada disso. S\u00e3o hist\u00f3rias que eu vivi e que relato da mesma forma com que falo no r\u00e1dio, sem nenhum intuito de vingan\u00e7a, nem de raiva, nem de \u00f3dio\u201d, disse M\u00e1rio em entrevista ao<strong> Al\u00f4 Al\u00f4 Bahia<\/strong>.<\/p>\n<p><img fetchpriority=\"high\" decoding=\"async\" aria-describedby=\"caption-attachment-193602\" class=\"wp-image-193602 size-medium\" src=\"https:\/\/www.europesays.com\/pt\/wp-content\/uploads\/2025\/09\/0293234c-46a4-4024-9e98-61f2da4cc8cb-720x540.jpg\" alt=\"\" width=\"720\" height=\"540\"  \/><\/p>\n<p id=\"caption-attachment-193602\" class=\"wp-caption-text\">Lan\u00e7amento do livro de M\u00e1rio Kert\u00e9sz lota livraria em Salvador \u2013 foto: Al\u00f4 Al\u00f4 Bahia <\/p>\n<p>Com <strong>360 p\u00e1ginas<\/strong> e pref\u00e1cio do jornalista <strong>J\u00e2nio de Freitas<\/strong>, Riso-Choro mistura mem\u00f3rias afetivas com epis\u00f3dios dos bastidores da pol\u00edtica baiana. Um dos trechos de destaque \u00e9 o relato sobre o rompimento com o ex-governador <strong>Ant\u00f4nio Carlos Magalh\u00e3es (ACM)<\/strong> \u2014 rela\u00e7\u00e3o marcada por conflitos, mas tamb\u00e9m por respeito.<\/p>\n<p>Apesar do conte\u00fado pol\u00edtico, M\u00e1rio ressalta que o ponto central do livro est\u00e1 em suas <strong>viv\u00eancias pessoais<\/strong> e na <strong>celebra\u00e7\u00e3o de seus 81 anos<\/strong>.<\/p>\n<p><img loading=\"lazy\" decoding=\"async\" aria-describedby=\"caption-attachment-193604\" class=\"wp-image-193604 size-medium\" src=\"https:\/\/www.europesays.com\/pt\/wp-content\/uploads\/2025\/09\/auto-upload-2904758-720x405.png\" alt=\"\" width=\"720\" height=\"405\"  \/><\/p>\n<p id=\"caption-attachment-193604\" class=\"wp-caption-text\">M\u00e1rio Kert\u00e9sz relata mem\u00f3rias afetivas e bastidores da pol\u00edtica em sua autobiografia \u2013 foto:\u00a0Marcelo Kert\u00e9sz\/Divulga\u00e7\u00e3o<\/p>\n<p>\u201c[Quis] mostrar coisas boas, momentos dif\u00edceis, que toda a vida tem. E tamb\u00e9m \u00e9 um fato de eu ter conseguido chegar aos 81 anos de idade, tendo come\u00e7ado minha vida p\u00fablica com 22 anos. Ent\u00e3o isso foi um material bom para poder falar, e s\u00f3. \u00c9 isso mesmo que eu quero, mais nada\u201d, afirmou.<\/p>\n<p>Nesta <strong>quinta-feira (11)<\/strong>, o autor participa de uma <strong>roda de conversa na Faculdade de Administra\u00e7\u00e3o da UFBA<\/strong>, \u00e0s 18h, ao lado do fil\u00f3sofo <strong>Waldomiro J. Silva Filho<\/strong> e do jornalista <strong>Wilson Gomes<\/strong>. A entrada \u00e9 gratuita.<\/p>\n","protected":false},"excerpt":{"rendered":"Foi com emo\u00e7\u00e3o, sorrisos e l\u00e1grimas que o comunicador e ex-prefeito de Salvador, M\u00e1rio Kert\u00e9sz, lan\u00e7ou, na noite&hellip;\n","protected":false},"author":2,"featured_media":66407,"comment_status":"","ping_status":"","sticky":false,"template":"","format":"standard","meta":{"footnotes":""},"categories":[143],"tags":[169,114,115,170,32,33],"class_list":{"0":"post-66406","1":"post","2":"type-post","3":"status-publish","4":"format-standard","5":"has-post-thumbnail","7":"category-livros","8":"tag-books","9":"tag-entertainment","10":"tag-entretenimento","11":"tag-livros","12":"tag-portugal","13":"tag-pt"},"share_on_mastodon":{"url":"","error":""},"_links":{"self":[{"href":"https:\/\/www.europesays.com\/pt\/wp-json\/wp\/v2\/posts\/66406","targetHints":{"allow":["GET"]}}],"collection":[{"href":"https:\/\/www.europesays.com\/pt\/wp-json\/wp\/v2\/posts"}],"about":[{"href":"https:\/\/www.europesays.com\/pt\/wp-json\/wp\/v2\/types\/post"}],"author":[{"embeddable":true,"href":"https:\/\/www.europesays.com\/pt\/wp-json\/wp\/v2\/users\/2"}],"replies":[{"embeddable":true,"href":"https:\/\/www.europesays.com\/pt\/wp-json\/wp\/v2\/comments?post=66406"}],"version-history":[{"count":0,"href":"https:\/\/www.europesays.com\/pt\/wp-json\/wp\/v2\/posts\/66406\/revisions"}],"wp:featuredmedia":[{"embeddable":true,"href":"https:\/\/www.europesays.com\/pt\/wp-json\/wp\/v2\/media\/66407"}],"wp:attachment":[{"href":"https:\/\/www.europesays.com\/pt\/wp-json\/wp\/v2\/media?parent=66406"}],"wp:term":[{"taxonomy":"category","embeddable":true,"href":"https:\/\/www.europesays.com\/pt\/wp-json\/wp\/v2\/categories?post=66406"},{"taxonomy":"post_tag","embeddable":true,"href":"https:\/\/www.europesays.com\/pt\/wp-json\/wp\/v2\/tags?post=66406"}],"curies":[{"name":"wp","href":"https:\/\/api.w.org\/{rel}","templated":true}]}}