{"id":66412,"date":"2025-09-10T23:33:08","date_gmt":"2025-09-10T23:33:08","guid":{"rendered":"https:\/\/www.europesays.com\/pt\/66412\/"},"modified":"2025-09-10T23:33:08","modified_gmt":"2025-09-10T23:33:08","slug":"anna-wintour-quebra-silencio-sobre-seu-retrato-cruel-em-filme","status":"publish","type":"post","link":"https:\/\/www.europesays.com\/pt\/66412\/","title":{"rendered":"Anna Wintour quebra sil\u00eancio sobre seu retrato cruel em filme"},"content":{"rendered":"<p><img decoding=\"async\" fetchpriority=\"high\" src=\"https:\/\/www.europesays.com\/pt\/wp-content\/uploads\/2025\/09\/58lm1wdh68204mp37lt7edzoq.jpg\" width=\"906\" height=\"509\" alt=\"Anna Wintour\" title=\"Anna Wintour\"\/>Divulga\u00e7\u00e3o<\/p>\n<p>Anna Wintour<\/p>\n<p>Quase duas d\u00e9cadas ap\u00f3s o lan\u00e7amento de <strong>O Diabo Veste Prada (2006),<\/strong> <strong>Anna Wintour<\/strong> falou pela primeira vez sobre o longa que imortalizou, de forma ficcional, a imagem de uma editora de\u00a0 <a href=\"https:\/\/gente.ig.com.br\/\" target=\"_blank\" rel=\"noopener nofollow\" data-mce-href=\"https:\/\/gente.ig.com.br\/\" data-mce->moda implac\u00e1vel.<\/a><\/p>\n<p>A inspira\u00e7\u00e3o para a personagem <strong>Miranda Priestly,<\/strong> vivida por <strong>Meryl Streep,<\/strong> veio justamente da ex-editora-chefe da <strong>Vogue,<\/strong> considerada uma das figuras mais influentes da moda mundial.<\/p>\n<p class=\"\">Em entrevista a <strong>David Remnick,<\/strong> editor da <strong>New Yorker,<\/strong> no podcast <strong>The New Yorker Radio Hour, Anna <\/strong>relembrou a premi\u00e8re do filme.<\/p>\n<p class=\"\">\u201cFui \u00e0 premi\u00e8re usando Prada, sem nenhum conhecimento sobre o conte\u00fado do filme. E acho que a ind\u00fastria da moda estava adoravelmente preocupada comigo, com a possibilidade de eu acabar retratada sob uma perspectiva dif\u00edcil\u201d, contou, antes de completar que achou a vers\u00e3o \u201cuma caricatura\u201d.<\/p>\n<p>Apesar da expectativa, a executiva se surpreendeu. \u201cAntes de tudo, era a Meryl Streep, o que \u00e9 fant\u00e1stico. E ent\u00e3o fui assistir ao filme e achei extremamente divertido. Foi muito engra\u00e7ado. A Miuccia [Prada, estilista italiana, designer-chefe da Prada] e eu conversamos muito a respeito. Eu falei para ela: \u2018Bem, foi realmente \u00f3timo pra voc\u00ea\u2019\u201d, \u00a0avaliou.<\/p>\n<p>A fala acontece em meio a um momento simb\u00f3lico: <strong>Anna<\/strong> deixou a chefia da <strong>Vogue<\/strong> em junho e acompanhou a confirma\u00e7\u00e3o da continua\u00e7\u00e3o do longa.<\/p>\n<p>Com dire\u00e7\u00e3o novamente de <strong>David Frankel, O Diabo Veste Prada 2<\/strong> reunir\u00e1 <strong>Meryl Streep, Anne Hathaway e Emily Blunt,<\/strong> al\u00e9m de <strong>Stanley Tucci,<\/strong> e tem estreia prevista para maio de 2026.<\/p>\n<p>No <strong>Oscar de 2007,<\/strong> o primeiro filme recebeu indica\u00e7\u00f5es nas categorias de Melhor Atriz (Meryl Streep) e Melhor Figurino, consolidando-se como uma das produ\u00e7\u00f5es mais marcantes da moda no cinema.<\/p>\n","protected":false},"excerpt":{"rendered":"Divulga\u00e7\u00e3o Anna Wintour Quase duas d\u00e9cadas ap\u00f3s o lan\u00e7amento de O Diabo Veste Prada (2006), Anna Wintour falou&hellip;\n","protected":false},"author":2,"featured_media":66413,"comment_status":"","ping_status":"","sticky":false,"template":"","format":"standard","meta":{"footnotes":""},"categories":[140],"tags":[18229,114,115,147,148,18228,146,5003,32,33,3037],"class_list":{"0":"post-66412","1":"post","2":"type-post","3":"status-publish","4":"format-standard","5":"has-post-thumbnail","7":"category-filmes","8":"tag-anna-wintour","9":"tag-entertainment","10":"tag-entretenimento","11":"tag-film","12":"tag-filmes","13":"tag-miranda","14":"tag-movies","15":"tag-o-diabo-veste-prada","16":"tag-portugal","17":"tag-pt","18":"tag-vogue"},"share_on_mastodon":{"url":"","error":""},"_links":{"self":[{"href":"https:\/\/www.europesays.com\/pt\/wp-json\/wp\/v2\/posts\/66412","targetHints":{"allow":["GET"]}}],"collection":[{"href":"https:\/\/www.europesays.com\/pt\/wp-json\/wp\/v2\/posts"}],"about":[{"href":"https:\/\/www.europesays.com\/pt\/wp-json\/wp\/v2\/types\/post"}],"author":[{"embeddable":true,"href":"https:\/\/www.europesays.com\/pt\/wp-json\/wp\/v2\/users\/2"}],"replies":[{"embeddable":true,"href":"https:\/\/www.europesays.com\/pt\/wp-json\/wp\/v2\/comments?post=66412"}],"version-history":[{"count":0,"href":"https:\/\/www.europesays.com\/pt\/wp-json\/wp\/v2\/posts\/66412\/revisions"}],"wp:featuredmedia":[{"embeddable":true,"href":"https:\/\/www.europesays.com\/pt\/wp-json\/wp\/v2\/media\/66413"}],"wp:attachment":[{"href":"https:\/\/www.europesays.com\/pt\/wp-json\/wp\/v2\/media?parent=66412"}],"wp:term":[{"taxonomy":"category","embeddable":true,"href":"https:\/\/www.europesays.com\/pt\/wp-json\/wp\/v2\/categories?post=66412"},{"taxonomy":"post_tag","embeddable":true,"href":"https:\/\/www.europesays.com\/pt\/wp-json\/wp\/v2\/tags?post=66412"}],"curies":[{"name":"wp","href":"https:\/\/api.w.org\/{rel}","templated":true}]}}