{"id":66452,"date":"2025-09-11T00:01:08","date_gmt":"2025-09-11T00:01:08","guid":{"rendered":"https:\/\/www.europesays.com\/pt\/66452\/"},"modified":"2025-09-11T00:01:08","modified_gmt":"2025-09-11T00:01:08","slug":"enterre-seus-mortos-terror-com-selton-mello-ganha-poster-oficial","status":"publish","type":"post","link":"https:\/\/www.europesays.com\/pt\/66452\/","title":{"rendered":"Enterre Seus Mortos | Terror com Selton Mello ganha p\u00f4ster oficial"},"content":{"rendered":"<p>O ator\u00a0<strong>Selton Mello\u00a0<\/strong>compartilhou no seu perfil oficial do\u00a0<strong>Instagram\u00a0<\/strong>nesta quarta-feira (10), o p\u00f4ster oficial de\u00a0<strong>Enterre Seus Mortos<\/strong>,\u00a0novo longa estrelado por ele e\u00a0<strong>Marjorie Estiano<\/strong>.<\/p>\n<p>No cartaz, \u00e9 poss\u00edvel ver a dupla em destaque, al\u00e9m de local remoto e uma caminhonete. O longa, que ser\u00e1 de terror, coloca Mello como um homem que trabalha removendo animais atropelados, at\u00e9 que acaba indo parar em uma cidade que tem um clima de problemas iminentes.\u00a0<\/p>\n<p>Tamb\u00e9m foi revelado que um trailer sai amanh\u00e3, sem um hor\u00e1rio confirmado.<\/p>\n<p>      Tudo sobre Enterre Seus Mortos<\/p>\n<p>O filme chega aos cinemas em 30 de outubro deste ano. Na trama, Selton interpreta\u00a0Edgar Wilson, homem soturno que trabalha como removedor de animais atropelados em estradas; seu colega de trabalho \u00e9 um padre excomungado,\u00a0Tom\u00e1s\u00a0(<strong>Danilo Grangheia<\/strong>). O protagonista namora\u00a0Nete\u00a0(Marjorie Estiano), sua chefe e quem lhe passa as chamadas das ocorr\u00eancias. O cen\u00e1rio \u00e9 a fict\u00edcia Abalurdes, pequena cidade marcada por acontecimentos peculiares e um clima de apocalipse iminente. Por\u00e9m, chega um momento em que Edgar \u00e9 obrigado a violar as regras do seu trabalho e o caos passa a imperar em sua vida e na cidade.<\/p>\n<p>O filme conta ainda com um elenco de peso, incluindo\u00a0<strong>Betty Faria, Maria Manoella<\/strong>\u00a0e<strong>\u00a0Gilda Nomacce<\/strong>, e foi coescrito por\u00a0<strong>Caetano Gotardo<\/strong>, parceiro de Dutra em projetos anteriores premiados.<\/p>\n<p data-gtm-vis-first-on-screen67967661_30=\"9921\" data-gtm-vis-has-fired67967661_30=\"1\" data-gtm-vis-total-visible-time67967661_30=\"100\">Enterre Seus Mortos\u00a0estreia em\u00a0<strong>30 de outubro<\/strong>.\u00a0<\/p>\n","protected":false},"excerpt":{"rendered":"O ator\u00a0Selton Mello\u00a0compartilhou no seu perfil oficial do\u00a0Instagram\u00a0nesta quarta-feira (10), o p\u00f4ster oficial de\u00a0Enterre Seus Mortos,\u00a0novo longa estrelado&hellip;\n","protected":false},"author":2,"featured_media":66453,"comment_status":"","ping_status":"","sticky":false,"template":"","format":"standard","meta":{"footnotes":""},"categories":[140],"tags":[114,115,147,148,146,32,33],"class_list":{"0":"post-66452","1":"post","2":"type-post","3":"status-publish","4":"format-standard","5":"has-post-thumbnail","7":"category-filmes","8":"tag-entertainment","9":"tag-entretenimento","10":"tag-film","11":"tag-filmes","12":"tag-movies","13":"tag-portugal","14":"tag-pt"},"share_on_mastodon":{"url":"","error":""},"_links":{"self":[{"href":"https:\/\/www.europesays.com\/pt\/wp-json\/wp\/v2\/posts\/66452","targetHints":{"allow":["GET"]}}],"collection":[{"href":"https:\/\/www.europesays.com\/pt\/wp-json\/wp\/v2\/posts"}],"about":[{"href":"https:\/\/www.europesays.com\/pt\/wp-json\/wp\/v2\/types\/post"}],"author":[{"embeddable":true,"href":"https:\/\/www.europesays.com\/pt\/wp-json\/wp\/v2\/users\/2"}],"replies":[{"embeddable":true,"href":"https:\/\/www.europesays.com\/pt\/wp-json\/wp\/v2\/comments?post=66452"}],"version-history":[{"count":0,"href":"https:\/\/www.europesays.com\/pt\/wp-json\/wp\/v2\/posts\/66452\/revisions"}],"wp:featuredmedia":[{"embeddable":true,"href":"https:\/\/www.europesays.com\/pt\/wp-json\/wp\/v2\/media\/66453"}],"wp:attachment":[{"href":"https:\/\/www.europesays.com\/pt\/wp-json\/wp\/v2\/media?parent=66452"}],"wp:term":[{"taxonomy":"category","embeddable":true,"href":"https:\/\/www.europesays.com\/pt\/wp-json\/wp\/v2\/categories?post=66452"},{"taxonomy":"post_tag","embeddable":true,"href":"https:\/\/www.europesays.com\/pt\/wp-json\/wp\/v2\/tags?post=66452"}],"curies":[{"name":"wp","href":"https:\/\/api.w.org\/{rel}","templated":true}]}}